{"id":824,"date":"2011-07-11T11:33:56","date_gmt":"2011-07-11T09:33:56","guid":{"rendered":"http:\/\/lettresoubliees1418.fr\/wordpress\/?p=824"},"modified":"2011-07-05T15:36:23","modified_gmt":"2011-07-05T13:36:23","slug":"lettre-du-26-mars-1917-de-marcel-sibaud","status":"publish","type":"post","link":"https:\/\/lettresoubliees1418.fr\/wordpress\/2011\/07\/lettre-du-26-mars-1917-de-marcel-sibaud\/","title":{"rendered":"Lettre du 26 mars 1917 de Marcel Sibaud"},"content":{"rendered":"<h4>Valr\u00e9as, le 26 mars 1917<\/h4>\n<p>\u00a0<\/p>\n<p style=\"text-align: justify;\">Ma petite ch\u00e9rie,<br \/>\nCe pays est vraiment dr\u00f4le : ce matin temps couvert pas de vent, frais mais supportable ; pour la journ\u00e9e le soleil a perc\u00e9, journ\u00e9e plut\u00f4t chaude ; ce soir temps de nouveau couvert, frais mais sans vent. Que n\u2019est-ce toujours ainsi.<br \/>\nJ\u2019esp\u00e8re que la fatigue que tu ressentais vendredi soir n\u2019a pas eu de suite f\u00e2cheux. Ne te fatigue pas trop. Plus qu\u2019une maison bien en ordre je tiens \u00e0 trouver\u00a0 une petite maman parfaitement r\u00e9tablie.<br \/>\n<span style=\"color: #800080;\">Tu me fais grand plaisir \u00e0 me raconter les petites histoires de toto. Pauvre petit qui souhaite avoir un binocle. Qu\u2019il ne pousse pas si loin l\u2019imitation, c\u2019est trop emb\u00eatant.<\/span><br \/>\nTu me dis qu\u2019il comprend ; cela me rappelle une chose que je voulais te signaler et \u00e0 laquelle tu as certainement pens\u00e9 : il est inutile qu\u2019il soit pr\u00e9sent quand tu arranges la petite.<br \/>\n<span style=\"color: #ff6600;\">Bernados est tr\u00e8s sensiblement de mon \u00e2ge ; il est mari\u00e9 sans enfants ; c\u2019est un mariage un peu comme le notre : il a connu sa femme tr\u00e8s jeune. Est-ce qu\u2019elle l\u2019est rest\u00e9e ? Est-ce qu\u2019il est autoritaire ? Mais il semble la tenir en tutelle tr\u00e8s \u00e9troite. Il a \u00e9t\u00e9 2 ans en Am\u00e9rique du Sud, s\u2019\u00e9tant fait mettre en disponibilit\u00e9. Il est mobilis\u00e9 depuis le d\u00e9but et est assez fatigu\u00e9. Il ne travaille pas beaucoup ayant coutume de se coucher de bonne heure et de se lever tard. Il vient de savoir aujourd\u2019hui ses notes qui sont bonnes, ce qui ne m\u2019\u00e9tonne pas car il est tr\u00e8s intelligent. Les voici : calme et froid, \u00e9nergique, esprit clair. Peut faire un officier. Ce sont d\u2019excellentes notes pour un futur officier.<\/span><br \/>\nJe suis aussi tr\u00e8s bien avec un nomm\u00e9 Fr\u00e8re, 1er prix de conservatoire pour la diction, je coirs ; il n\u2019est pas tr\u00e8s fort mais c\u2019est un charmant gar\u00e7on.<br \/>\nLes confitures que tu m\u2019annonces me font bien plaisir ; comme quand j\u2019\u00e9tais au lyc\u00e9e, c\u2019est encore ce que je pr\u00e9f\u00e8re entre 2 morceaux de pain. Le p\u00e2t\u00e9 est parfait pour le matin. Quand au savon mon 1er morceau est encore presque intact, c\u2019est te dire que je n\u2019en manque pas. Ne te tourmente pas pour le pain d\u2019\u00e9pices ; si j\u2019en voulais, j\u2019en trouverais ici mais tu me connais bien en pensant que ton envoi n\u00e9cessite d\u2019aller chercher des provisions.<br \/>\nJe vais peut-\u00eatre avoir \u00e0 faire une d\u00e9pense assez forte ; il me faudrait une boussole ; on peut en avoir pour 6fr 50 mais pour en avoir une bien ce serait une carr\u00e9e de 21,50 ; boussole Peign\u00e9 qu\u2019on vent chez Berger Levrault. Je me demande si\u00a0 je dois faire une pareille d\u00e9pense ; peut-\u00eatre maman aurait-elle une r\u00e9duction comme institutrice. Tu pourrais peut-\u00eatre lui en parler pour le cas o\u00f9 elle irait \u00e0 Paris.<br \/>\nSi mes souvenirs pour Toto son exacts, le poids de Marcelle me para\u00eet magnifique : \u00e0 3 semaines Yves ne pesait je crois que 3kgs 750 et passait pour un bel enfant, 600 gr de plus c\u2019est merveilleux et je suis heureux de complimenter la petite maman.<br \/>\nJe te quitte ayant un devoir \u00e0 mettre au net. Un autre va nous tomber jeudi ; le bourrage reprend.<\/p>\n<p style=\"text-align: justify;\">\nMille baisers de ton Marcel.<br \/>\nBaisers aux petits.<br \/>\nAmiti\u00e9s aux mamans.<\/p>\n<br \/><g:plusone size=\"\" href=\"https%3A%2F%2Flettresoubliees1418.fr%2Fwordpress%2F2011%2F07%2Flettre-du-26-mars-1917-de-marcel-sibaud%2F\"><\/g:plusone>","protected":false},"excerpt":{"rendered":"<p>Valr\u00e9as, le 26 mars 1917 \u00a0 Ma petite ch\u00e9rie, Ce pays est vraiment dr\u00f4le : ce matin temps couvert pas de vent, frais mais supportable ; pour la journ\u00e9e le soleil a perc\u00e9, journ\u00e9e plut\u00f4t chaude ; ce soir temps &hellip; <a href=\"https:\/\/lettresoubliees1418.fr\/wordpress\/2011\/07\/lettre-du-26-mars-1917-de-marcel-sibaud\/\">Continue reading <span class=\"meta-nav\">&rarr;<\/span><\/a><\/p>\n","protected":false},"author":1,"featured_media":0,"comment_status":"open","ping_status":"open","sticky":false,"template":"","format":"standard","meta":[],"categories":[3],"tags":[17,193,113,117,25,194,26,104,29,52],"_links":{"self":[{"href":"https:\/\/lettresoubliees1418.fr\/wordpress\/wp-json\/wp\/v2\/posts\/824"}],"collection":[{"href":"https:\/\/lettresoubliees1418.fr\/wordpress\/wp-json\/wp\/v2\/posts"}],"about":[{"href":"https:\/\/lettresoubliees1418.fr\/wordpress\/wp-json\/wp\/v2\/types\/post"}],"author":[{"embeddable":true,"href":"https:\/\/lettresoubliees1418.fr\/wordpress\/wp-json\/wp\/v2\/users\/1"}],"replies":[{"embeddable":true,"href":"https:\/\/lettresoubliees1418.fr\/wordpress\/wp-json\/wp\/v2\/comments?post=824"}],"version-history":[{"count":2,"href":"https:\/\/lettresoubliees1418.fr\/wordpress\/wp-json\/wp\/v2\/posts\/824\/revisions"}],"predecessor-version":[{"id":826,"href":"https:\/\/lettresoubliees1418.fr\/wordpress\/wp-json\/wp\/v2\/posts\/824\/revisions\/826"}],"wp:attachment":[{"href":"https:\/\/lettresoubliees1418.fr\/wordpress\/wp-json\/wp\/v2\/media?parent=824"}],"wp:term":[{"taxonomy":"category","embeddable":true,"href":"https:\/\/lettresoubliees1418.fr\/wordpress\/wp-json\/wp\/v2\/categories?post=824"},{"taxonomy":"post_tag","embeddable":true,"href":"https:\/\/lettresoubliees1418.fr\/wordpress\/wp-json\/wp\/v2\/tags?post=824"}],"curies":[{"name":"wp","href":"https:\/\/api.w.org\/{rel}","templated":true}]}}