{"id":815,"date":"2011-07-08T11:23:06","date_gmt":"2011-07-08T09:23:06","guid":{"rendered":"http:\/\/lettresoubliees1418.fr\/wordpress\/?p=815"},"modified":"2011-07-05T15:26:32","modified_gmt":"2011-07-05T13:26:32","slug":"lettre-du-24-mars-1917-de-marcel-sibaud","status":"publish","type":"post","link":"https:\/\/lettresoubliees1418.fr\/wordpress\/2011\/07\/lettre-du-24-mars-1917-de-marcel-sibaud\/","title":{"rendered":"Lettre du 24 mars 1917 de Marcel Sibaud"},"content":{"rendered":"<h4>Valr\u00e9as, le 24 mars 1917<\/h4>\n<p>\u00a0<\/p>\n<p style=\"text-align: justify;\">Ma petite ch\u00e9rie,<br \/>\nDamn\u00e9 pays que ce Valr\u00e9as avec son maudit mistral. Le vent nous a glac\u00e9s pendant toute la man\u0153uvre de bataillon. Il est si fort qu\u2019on en suffoque, on en est abruti, on en perd ses moyens et quand on rentre \u00e0 l\u2019abri, malgr\u00e9 le froid dans lequel on est car nous n\u2019avons pas de feu, la t\u00eate bout et les oreilles br\u00fblent.<br \/>\nSur le terrain, aujourd\u2019hui, le capitaine a fait quelques observations g\u00e9n\u00e9rales pour ses notes ; il a dit qu\u2019elles n\u2019avaient rien de d\u00e9finitif, qu\u2019il baisserait sans h\u00e9sitation les notes de ceux qui se rel\u00e2cheraient, qu\u2019au contraire il serait enchant\u00e9 de relever la cote de ceux qui auraient fait un effort utile. Il a ajout\u00e9 que pour ceux envers lesquels il avait de la sympathie, il baissait syst\u00e9matiquement la note pour ne pas tomber dans la partialit\u00e9. Peut-\u00eatre suis-je de ceux qui ne lui sont pas indiff\u00e9rents ; mes notes qui ne sont pas mauvaises ne pourraient qu\u2019y gagner. J\u2019oubliais de te dire que dans mes notes il y avait : \u00ab a des connaissances th\u00e9oriques \u00bb.<br \/>\n<span style=\"color: #003366;\">La journ\u00e9e a \u00e9t\u00e9 g\u00e2t\u00e9e par la triste nouvelle que vient de recevoir mon voisin de lit. Hier matin, une d\u00e9p\u00eache lui annon\u00e7ant que sa petite derni\u00e8re \u00e2g\u00e9e d\u2019une ann\u00e9e et qui avait eu la coqueluche \u00e9tait atteinte de congestion du rein. Je ne voyais que trop juste en augurant mal de cette maladie. Aujourd\u2019hui il a appris sa mort. Il est tr\u00e8s affect\u00e9 ; l\u2019\u00e9cole lui a accord\u00e9 une permission jusqu\u2019au 29. Il va \u00e0 Rouen. Cette petite \u00e9tait je crois sa 3e. Le p\u00e8re est un huissier des r\u00e9gions envahies.<\/span><br \/>\nAu point de vue correspondance, la journ\u00e9e a \u00e9t\u00e9 bonne : carte du sergent Cosette de Milly, celui qui m\u2019avait emprunt\u00e9 10 frs au jour de l\u2019an, lettre de Pinon qui gr\u00e2ce \u00e0 la proposition Mourier ne d\u00e9sesp\u00e8re pas de devenir officier d\u2019administration du service auxiliaire. Il doit d\u2019ailleurs prochainement passer dans la zone de l\u2019int\u00e9rieur. Il te pr\u00e9sente ses f\u00e9licitations et hommages. Enfin lettre d\u2019oncle Emile qui se r\u00e9jouit de me savoir en meilleure sant\u00e9 avec un bon app\u00e9tit dont les dames de Salignon ont t\u00e9moign\u00e9 \u00e0 Clermont. Tante Am\u00e9lie a un gros rhume ; Auguste naviguer vers Roye et Lassigny.<br \/>\nCe matin il y avait dessin panoramique ; heureusement notre place \u00e9tait un peu abrit\u00e9e de sorte que ces 2 heures assis en plein champ de si bonne heure n\u2019ont pas \u00e9t\u00e9 trop p\u00e9nibles. Le professeur m\u2019a dit que je devais \u00eatre un habitu\u00e9 du crayon, que j\u2019avais eu d\u00e9j\u00e0 de bonnes notes et que j\u2019en aurai encore.<br \/>\nQue je r\u00e9ponde maintenant \u00e0 ta lettre. Je suis heureux d\u2019apprendre les progr\u00e8s de ton r\u00e9tablissement. D\u00e9j\u00e0 3 semaines de pass\u00e9es depuis la naissance de Marcelle. Dans 15 jours je serai, j\u2019y compte bien, en route vers vous et je recommencerai dans 7 semaines car nous sommes presqu\u2019\u00e0 la moiti\u00e9 du stage. Ce maudit vent nous a tellement d\u00e9go\u00fbt\u00e9 Bernados et moi que nous ne bougerons sans doute pas demain. D\u2019ailleurs il y a un devoir emb\u00eatant pour mardi. Mais ce soir je ne fais rien que de la correspondance. D\u2019apr\u00e8s ce que tu me dis, je t\u00e2cherai d\u2019apporter quelques provisions \u00e0 P\u00e2ques. Mon vin blanc dont je bois plus et quelques petits suppl\u00e9ments de nourriture font que je viens aujourd\u2019hui d\u2019entamer mes derniers 20 frs. Mais tu vois que je suis loin d\u2019\u00eatre \u00e0 court. Je me trouve \u00e0 peu pr\u00e8s en avance de mon loyer compte tenu de quelques extras.<br \/>\nJe vis au jour le jour pour le papier \u00e0 lettre, te r\u00e9pondant sur celui que tu joins \u00e0 ta lettre. J\u2019ai bien du papier encore de celui que tu m\u2019as envoy\u00e9 mais il n\u2019est pas tr\u00e8s frais et je n\u2019ai pas de quoi couper nettement. Tu pourras encore me renvoyer quelques feuilles car on en use beaucoup ici ; s\u2019il n\u2019y en a plus dans le paquet de papier, tu prendras dans le cahier vert datant de la \u00ab Taupe \u00bb. Pour les \u00e9trangers, j\u2019emploie en g\u00e9n\u00e9ral les cartes lettres plus courtes, pas trop on\u00e9reuses ; et qui \u00e9vitent les enveloppes tout en \u00e9tant agr\u00e9able d\u2019aspect.<br \/>\nLes Huet sont vraiment gentils. J\u2019enverrai des berlingots \u00e0 Roger o\u00f9 si tu trouves mieux je lui en apporterai \u00e0 P\u00e2ques.<br \/>\nJe vois qu\u2019Yves joue de gros tours \u00e0 sa grand-m\u00e8re ; voyez-vous comme il devient farceur. Maman ne m\u2019en avait pas parl\u00e9 mais m\u2019avait dit qu\u2019elle trouvait de la ressemblance entre la petite et moi. Tant mieux si vous pouvez y arriver avec la ration de sucre. Il ne faut pas m\u2019en envoyer car j\u2019ai encore presque tous les morceaux intacts. Quand aux caf\u00e9s, jamais je n\u2019y ai mis les pieds depuis que je suis ici. Je trouve l\u2019attitude des Oudard un peu dr\u00f4le.<br \/>\n<span style=\"color: #800080;\">Je me r\u00e9jouis, tu peux le croire, \u00e0 la pens\u00e9e de retrouver bient\u00f4t la jeune fille que tu m\u2019annonces et qui me manque bien.<\/span><br \/>\nEn attendant re\u00e7ois les meilleurs baisers de ton Marcel.<br \/>\nCaresses aux petits.<br \/>\nAmiti\u00e9s aux mamans.<\/p>\n<br \/><g:plusone size=\"\" href=\"https%3A%2F%2Flettresoubliees1418.fr%2Fwordpress%2F2011%2F07%2Flettre-du-24-mars-1917-de-marcel-sibaud%2F\"><\/g:plusone>","protected":false},"excerpt":{"rendered":"<p>Valr\u00e9as, le 24 mars 1917 \u00a0 Ma petite ch\u00e9rie, Damn\u00e9 pays que ce Valr\u00e9as avec son maudit mistral. Le vent nous a glac\u00e9s pendant toute la man\u0153uvre de bataillon. Il est si fort qu\u2019on en suffoque, on en est abruti, &hellip; <a href=\"https:\/\/lettresoubliees1418.fr\/wordpress\/2011\/07\/lettre-du-24-mars-1917-de-marcel-sibaud\/\">Continue reading <span class=\"meta-nav\">&rarr;<\/span><\/a><\/p>\n","protected":false},"author":1,"featured_media":0,"comment_status":"open","ping_status":"open","sticky":false,"template":"","format":"standard","meta":[],"categories":[3],"tags":[17,99,25,19,26,104,29,69,190,184],"_links":{"self":[{"href":"https:\/\/lettresoubliees1418.fr\/wordpress\/wp-json\/wp\/v2\/posts\/815"}],"collection":[{"href":"https:\/\/lettresoubliees1418.fr\/wordpress\/wp-json\/wp\/v2\/posts"}],"about":[{"href":"https:\/\/lettresoubliees1418.fr\/wordpress\/wp-json\/wp\/v2\/types\/post"}],"author":[{"embeddable":true,"href":"https:\/\/lettresoubliees1418.fr\/wordpress\/wp-json\/wp\/v2\/users\/1"}],"replies":[{"embeddable":true,"href":"https:\/\/lettresoubliees1418.fr\/wordpress\/wp-json\/wp\/v2\/comments?post=815"}],"version-history":[{"count":2,"href":"https:\/\/lettresoubliees1418.fr\/wordpress\/wp-json\/wp\/v2\/posts\/815\/revisions"}],"predecessor-version":[{"id":817,"href":"https:\/\/lettresoubliees1418.fr\/wordpress\/wp-json\/wp\/v2\/posts\/815\/revisions\/817"}],"wp:attachment":[{"href":"https:\/\/lettresoubliees1418.fr\/wordpress\/wp-json\/wp\/v2\/media?parent=815"}],"wp:term":[{"taxonomy":"category","embeddable":true,"href":"https:\/\/lettresoubliees1418.fr\/wordpress\/wp-json\/wp\/v2\/categories?post=815"},{"taxonomy":"post_tag","embeddable":true,"href":"https:\/\/lettresoubliees1418.fr\/wordpress\/wp-json\/wp\/v2\/tags?post=815"}],"curies":[{"name":"wp","href":"https:\/\/api.w.org\/{rel}","templated":true}]}}