{"id":576,"date":"2011-05-23T11:07:49","date_gmt":"2011-05-23T09:07:49","guid":{"rendered":"http:\/\/lettresoubliees1418.fr\/wordpress\/?p=576"},"modified":"2011-05-15T17:11:10","modified_gmt":"2011-05-15T15:11:10","slug":"lettre-du-4-mars-1917-demilie-sibaud","status":"publish","type":"post","link":"https:\/\/lettresoubliees1418.fr\/wordpress\/2011\/05\/lettre-du-4-mars-1917-demilie-sibaud\/","title":{"rendered":"Lettre du 4 mars 1917 d&rsquo;Emilie Sibaud"},"content":{"rendered":"<h4>Vincennes, le 4 mars 1917<br \/>\nDimanche matin<\/h4>\n<p>&nbsp;<\/p>\n<p style=\"text-align: justify;\">Mon ch\u00e9ri, j\u2019avais re\u00e7u hier matin une courte lettre de toi, o\u00f9 ton \u00e9tat de sant\u00e9 laissait beaucoup \u00e0 d\u00e9sirer, hier au soir j\u2019ai re\u00e7u une seconde lettre qui n\u2019aurait d\u00fb par comparaison aux autres n\u2019arriver que ce matin, pourquoi est-elle arriv\u00e9e plus t\u00f4t ? Myst\u00e8re de la poste sans doute, qu\u2019importe elle \u00e9tait la bienvenue puisqu\u2019elle m\u2019apportait de tes nouvelles qui semblaient moins mauvaises, mais que cette petite am\u00e9lioration n\u2019aille pas t\u2019emp\u00eacher de consulter.<br \/>\nJe n\u2019ai pas encore re\u00e7u tes impressions sur la naissance, j\u2019esp\u00e8re que demain ta lettre r\u00e9pondra \u00e0 notre d\u00e9p\u00eache de vendredi ?<br \/>\n<span style=\"color: #800080;\">Notre \u00ab s\u0153urette \u00bb comme l\u2019appelle Yves a d\u00e9j\u00e0 3 jours !<\/span> Elle est toujours bien sage, elle pleure tr\u00e8s rarement, en revanche elle t\u00e8te avec \u00e9nergie, j\u2019ai \u00e9norm\u00e9ment de lait, beaucoup plus qu\u2019avec Yves.<br \/>\nCe matin on lui a fait sa grande toilette, toujours sage, elle a \u00e0 peine pleur\u00e9, mais apr\u00e8s j\u2019ai cru qu\u2019elle allait avaler la t\u00e9t\u00e9e. Ensuite elle s\u2019est endormie, et elle n\u2019est pas encore r\u00e9veill\u00e9e. Tandis que je t\u2019\u00e9cris elle repose, toute menue, dans son petit mo\u00efse <span style=\"color: #808080;\">[berceau portatif en osier capitonn\u00e9]<\/span>. Je crois qu\u2019elle tient tout \u00e0 fait de toi, probablement pour le caract\u00e8re calme aussi.<br \/>\nTes nougats et bonbons sont arriv\u00e9s \u00e0 point pour Yves, c\u2019est d\u2019un effet sur lui \u00ab les bonbons \u00e0 <em>papasonnedat<\/em> ! \u00bb.<br \/>\nJ\u2019esp\u00e8re que tu as re\u00e7u colis et argent, ainsi que la lettre de Devoyod.<br \/>\n<span style=\"color: #800080;\">Yves dit en regardant la petite Marcelle \u00ab\u00a0 que tu es gentille ma petite s\u0153ur ! \u00bb pas un instant de jalousie, mais d\u00e9j\u00e0 l\u2019instinct de la d\u00e9fendre !<\/span><br \/>\nEncore un dimanche loin de toi ! Le soleil brille dehors ! La chambre est claire, claire, est-ce elle dans son petit lit blanc qui donne encore plus de clart\u00e9 ! <span style=\"color: #800080;\">Sur la chemin\u00e9e tu es l\u00e0, un peu ce que tu dois \u00eatre pour le moment, en soldat mince et grand sur la commode tout pr\u00e8s de moi. Je te revois alors que nous \u00e9tions jeunes, le commencement de nos jours heureux ! Et puis tous les trois avec petit Yves ta ch\u00e8re figure est plus mince, tu \u00e9tais d\u00e9j\u00e0 si fatigu\u00e9 \u00e0 cette \u00e9poque l\u00e0 ! Ces jours-l\u00e0 \u00e9taient d\u00e9j\u00e0 bien tristes, mais je t\u2019avais encore pr\u00e8s de nous.<\/span><br \/>\nQuand te verrais-je ? Que tu es loin ! Qu\u2019au moins dans notre \u00e9loignement ce soit pour toi une satisfaction, que nous sommes tous en bonne sant\u00e9, ta m\u00e8re aussi que nous nous accordons tous bien, que je suis par la pens\u00e9e tout \u00e0 toi. Je te quitte car s\u0153urette r\u00e9clame son d\u00fb, <span style=\"color: #800080;\">au revoir mon aim\u00e9<\/span>, <span style=\"color: #800080;\">que n\u2019es-tu pr\u00e8s de moi pour que ce soit toi qui me l\u2019apporte.<\/span> Je t\u2019embrasse bien fort de tout c\u0153ur, Yves et Marcelle joignent leurs petits bras autour de ton cou pour des baisers bien tendres.<\/p>\n<p style=\"text-align: justify;\">\nTout \u00e0 toi<br \/>\nEmilie<\/p>\n<br \/><g:plusone size=\"\" href=\"https%3A%2F%2Flettresoubliees1418.fr%2Fwordpress%2F2011%2F05%2Flettre-du-4-mars-1917-demilie-sibaud%2F\"><\/g:plusone>","protected":false},"excerpt":{"rendered":"<p>Vincennes, le 4 mars 1917 Dimanche matin &nbsp; Mon ch\u00e9ri, j\u2019avais re\u00e7u hier matin une courte lettre de toi, o\u00f9 ton \u00e9tat de sant\u00e9 laissait beaucoup \u00e0 d\u00e9sirer, hier au soir j\u2019ai re\u00e7u une seconde lettre qui n\u2019aurait d\u00fb par &hellip; <a href=\"https:\/\/lettresoubliees1418.fr\/wordpress\/2011\/05\/lettre-du-4-mars-1917-demilie-sibaud\/\">Continue reading <span class=\"meta-nav\">&rarr;<\/span><\/a><\/p>\n","protected":false},"author":1,"featured_media":0,"comment_status":"open","ping_status":"open","sticky":false,"template":"","format":"standard","meta":[],"categories":[4],"tags":[17,27,41,29,139,143,28],"_links":{"self":[{"href":"https:\/\/lettresoubliees1418.fr\/wordpress\/wp-json\/wp\/v2\/posts\/576"}],"collection":[{"href":"https:\/\/lettresoubliees1418.fr\/wordpress\/wp-json\/wp\/v2\/posts"}],"about":[{"href":"https:\/\/lettresoubliees1418.fr\/wordpress\/wp-json\/wp\/v2\/types\/post"}],"author":[{"embeddable":true,"href":"https:\/\/lettresoubliees1418.fr\/wordpress\/wp-json\/wp\/v2\/users\/1"}],"replies":[{"embeddable":true,"href":"https:\/\/lettresoubliees1418.fr\/wordpress\/wp-json\/wp\/v2\/comments?post=576"}],"version-history":[{"count":3,"href":"https:\/\/lettresoubliees1418.fr\/wordpress\/wp-json\/wp\/v2\/posts\/576\/revisions"}],"predecessor-version":[{"id":578,"href":"https:\/\/lettresoubliees1418.fr\/wordpress\/wp-json\/wp\/v2\/posts\/576\/revisions\/578"}],"wp:attachment":[{"href":"https:\/\/lettresoubliees1418.fr\/wordpress\/wp-json\/wp\/v2\/media?parent=576"}],"wp:term":[{"taxonomy":"category","embeddable":true,"href":"https:\/\/lettresoubliees1418.fr\/wordpress\/wp-json\/wp\/v2\/categories?post=576"},{"taxonomy":"post_tag","embeddable":true,"href":"https:\/\/lettresoubliees1418.fr\/wordpress\/wp-json\/wp\/v2\/tags?post=576"}],"curies":[{"name":"wp","href":"https:\/\/api.w.org\/{rel}","templated":true}]}}