{"id":572,"date":"2011-05-22T11:04:49","date_gmt":"2011-05-22T09:04:49","guid":{"rendered":"http:\/\/lettresoubliees1418.fr\/wordpress\/?p=572"},"modified":"2011-05-15T17:07:29","modified_gmt":"2011-05-15T15:07:29","slug":"lettre-du-4-mars-1917-de-marcel-sibaud","status":"publish","type":"post","link":"https:\/\/lettresoubliees1418.fr\/wordpress\/2011\/05\/lettre-du-4-mars-1917-de-marcel-sibaud\/","title":{"rendered":"Lettre du 4 mars 1917 de Marcel Sibaud"},"content":{"rendered":"<h4>Valr\u00e9as, le 4 mars 1917<\/h4>\n<p>&nbsp;<\/p>\n<p style=\"text-align: justify;\">Ma petite ch\u00e9rie,<\/p>\n<p style=\"text-align: justify;\"><span style=\"color: #800080;\">Ce soir j\u2019ai le cafard. D\u2019abord je n\u2019ai pas eu de tes nouvelles.<\/span> Cela n\u2019a rien d\u2019\u00e9tonnant car tu n\u2019es gu\u00e8re en posture pour \u00e9crire. <span style=\"color: #800080;\">Mais je me forge des id\u00e9es ; je me demande si cela continue d\u2019aller bien, si tu n\u2019as pas de fi\u00e8vre, si la petite est bien entrain, si elle t\u00e8te, si Yves est gentil avec, enfin des tas de choses.<\/span><br \/>\nUn peu fatigu\u00e9 \u00e0 la fin de la semaine, j\u2019avais laiss\u00e9 diff\u00e9rentes choses \u00e0 faire aujourd\u2019hui ; mais c\u2019\u00e9tait fort raisonnable et je comptais pouvoir, outre me laver, faire un peu de correspondance et me faire couper les cheveux. Mes galons devaient \u00eatre cousus hier soir mais voil\u00e0 qu\u2019on me les avait fait rouges je n\u2019en ai pas voulu ; alors on voulait me remettre \u00e0 lundi ; en insistant j\u2019ai obtenu rendez-vous pour ce matin ; mais ceux de la vareuse \u00e9taient \u00e0 l\u2019envers (on a d\u00fb me faire payer l\u2019erreur de la veille car j\u2019en ai eu pour 2 francs) bref une heure de perdue. Je m\u2019\u00e9tais chang\u00e9, mis tout propre ; cela n\u2019a pas rat\u00e9, comme dimanche dernier je me suis tout sali. Enfin et c\u2019est la pire des choses, cette carte que le capitaine a donn\u00e9 \u00e0 agrandir pour mercredi soir. Tu sais que je n\u2019aime pas sentir de l\u2019ouvrage devant moi, je l\u2019ai attaqu\u00e9e ; entre nous c\u2019est idiot, c\u2019est un vrai pensum et il est impossible, cela je l\u2019affirme, de faire quelque chose de juste. J\u2019en suis empoissonn\u00e9. Demain 2 interrogations dont une emb\u00eatante et voici 7 heures ; je commence seulement \u00e0 t\u2019\u00e9crire. Quelle t\u00e2che !<br \/>\nJ\u2019ai touch\u00e9 mon mandat et suis tout \u00e0 fait \u00e0 flot.<br \/>\n<span style=\"color: #800080;\">J\u2019attends avec impatience des nouvelles et vous embrasse tous trois bien des fois. Comme je voudrais jeter un petit coup d\u2019\u0153il par-dessus le paravent quand tout le monde dort. Cela doit faire une chambre bien gentille.<\/span><br \/>\nMille baisers de ton Marcel<\/p>\n<p style=\"text-align: justify;\">Amiti\u00e9s aux mamans.<br \/>\nUne caresse sur grand fr\u00e8re et \u00e0 la petit s\u0153ur.<\/p>\n<br \/><g:plusone size=\"\" href=\"https%3A%2F%2Flettresoubliees1418.fr%2Fwordpress%2F2011%2F05%2Flettre-du-4-mars-1917-de-marcel-sibaud%2F\"><\/g:plusone>","protected":false},"excerpt":{"rendered":"<p>Valr\u00e9as, le 4 mars 1917 &nbsp; Ma petite ch\u00e9rie, Ce soir j\u2019ai le cafard. D\u2019abord je n\u2019ai pas eu de tes nouvelles. Cela n\u2019a rien d\u2019\u00e9tonnant car tu n\u2019es gu\u00e8re en posture pour \u00e9crire. Mais je me forge des id\u00e9es &hellip; <a href=\"https:\/\/lettresoubliees1418.fr\/wordpress\/2011\/05\/lettre-du-4-mars-1917-de-marcel-sibaud\/\">Continue reading <span class=\"meta-nav\">&rarr;<\/span><\/a><\/p>\n","protected":false},"author":1,"featured_media":0,"comment_status":"open","ping_status":"open","sticky":false,"template":"","format":"standard","meta":[],"categories":[3],"tags":[17,142,26,41,130,106,29],"_links":{"self":[{"href":"https:\/\/lettresoubliees1418.fr\/wordpress\/wp-json\/wp\/v2\/posts\/572"}],"collection":[{"href":"https:\/\/lettresoubliees1418.fr\/wordpress\/wp-json\/wp\/v2\/posts"}],"about":[{"href":"https:\/\/lettresoubliees1418.fr\/wordpress\/wp-json\/wp\/v2\/types\/post"}],"author":[{"embeddable":true,"href":"https:\/\/lettresoubliees1418.fr\/wordpress\/wp-json\/wp\/v2\/users\/1"}],"replies":[{"embeddable":true,"href":"https:\/\/lettresoubliees1418.fr\/wordpress\/wp-json\/wp\/v2\/comments?post=572"}],"version-history":[{"count":3,"href":"https:\/\/lettresoubliees1418.fr\/wordpress\/wp-json\/wp\/v2\/posts\/572\/revisions"}],"predecessor-version":[{"id":574,"href":"https:\/\/lettresoubliees1418.fr\/wordpress\/wp-json\/wp\/v2\/posts\/572\/revisions\/574"}],"wp:attachment":[{"href":"https:\/\/lettresoubliees1418.fr\/wordpress\/wp-json\/wp\/v2\/media?parent=572"}],"wp:term":[{"taxonomy":"category","embeddable":true,"href":"https:\/\/lettresoubliees1418.fr\/wordpress\/wp-json\/wp\/v2\/categories?post=572"},{"taxonomy":"post_tag","embeddable":true,"href":"https:\/\/lettresoubliees1418.fr\/wordpress\/wp-json\/wp\/v2\/tags?post=572"}],"curies":[{"name":"wp","href":"https:\/\/api.w.org\/{rel}","templated":true}]}}