{"id":448,"date":"2011-04-27T11:23:52","date_gmt":"2011-04-27T11:23:52","guid":{"rendered":"http:\/\/lettresoubliees1418.fr\/wordpress\/?p=448"},"modified":"2011-04-25T19:27:01","modified_gmt":"2011-04-25T19:27:01","slug":"lettre-du-22-fevrier-1917-demilie-sibaud","status":"publish","type":"post","link":"https:\/\/lettresoubliees1418.fr\/wordpress\/2011\/04\/lettre-du-22-fevrier-1917-demilie-sibaud\/","title":{"rendered":"Lettre du 22 f\u00e9vrier 1917 d&rsquo;Emilie Sibaud"},"content":{"rendered":"<h4>Vincennes, le 22 f\u00e9vrier 1917<br \/>\nJeudi matin<\/h4>\n<p>&nbsp;<\/p>\n<p style=\"text-align: justify;\">Mon ch\u00e9ri,<br \/>\nEncore la pluie ! Ciel gris et bas, ta ch\u00e8re lettre est venue m\u2019apporter un peu de bleu dans toute cette grisaille !<br \/>\nJe suis heureux pour toi mon aim\u00e9 que l\u2019on reconnaisse tes aptitudes, crois que je n\u2019ai jamais dout\u00e9 que tu t\u2019en tirerais, ne rougis pas ! J\u2019ai fini par prendre l\u2019habitude d\u2019entendre faire ton \u00e9loge ! Tu crois toujours que tu n\u2019en sais pas assez ! Que tu n\u2019en fais pas assez ! Erreur puisque jusqu\u2019ici j\u2019ai toujours vu te choisir alors qu\u2019il y avait quelque travail d\u00e9licat ou absorbant.<br \/>\nMaintenant que je r\u00e9ponde le mieux possible \u00e0 ta lettre puisque nous n\u2019avons pas le plaisir de pouvoir parler ensemble\u2026 pour de bon comme dirait Yves !<br \/>\n1\u00b0. Pour mon malaise cela n\u2019a pas recommenc\u00e9, je crois que c\u2019\u00e9tait nerveux, en somme j\u2019avais beaucoup r\u00e9fl\u00e9chi avant de m\u2019endormir, beaucoup pens\u00e9, le sommeil de venant pas, j\u2019\u00e9tais si seule loin de toi, si loin ! On a des moments o\u00f9 l\u2019on se sent plus triste, pourquoi ? C\u2019\u00e9tait de ceux-l\u00e0 ! Mais vois-tu c\u2019est fini, pour le grand moment je serai courageuse, mais ce qui serait pour moi une grande joie, ce serait de t\u2019avoir un peu pr\u00e8s de moi, qu\u2019au moins tu vois le tout petit Marcel, \u00e0 ce propos Yves, apr\u00e8s avoir bien r\u00e9fl\u00e9chi, m\u2019a dit \u00ab il s\u2019appelle comme papa ! \u00bb et il y avait comme un regret que ce ne soit pas lui !<br \/>\n2\u00b0. Comment donc s\u2019appelle le colonel ? Je crois que le capitaine a d\u00fb d\u2019abord vouloir te juger.<br \/>\n3\u00b0. Les lettres d\u2019oncle Auguste sont toujours nulles ! Ca ne change pas ! Quelle diff\u00e9rence avec le c\u00f4t\u00e9 Chabol !<br \/>\n4\u00b0. Si tu pouvais faire un mois de plus, c\u2019est moi qui serais heureuse ! Mais h\u00e9las, j\u2019ai bien peur que tu ne sois pas assez nul !<br \/>\nT\u2019es-tu arrang\u00e9 avec celui qui devait partager ta chambre ? Et le missionnaire que devient-il ?<br \/>\nJ\u2019attends pour t\u2019envoyer le colis demain vendredi pour pouvoir te mettre quelques g\u00e2teaux et \u00e0 cause du mardi gras cela nous reporte un jour plus loin ! Je vais te mettre un peu de papier \u00e0 lettres.<br \/>\nJ\u2019ai beaucoup travaill\u00e9 pour Yves, je lui ai fait une demi-douzaine de culottes, des petits tabliers bleus, des petits cols de chemise d\u2019homme !&#8230; avec dentelles.<br \/>\nComme je te le disais dans une pr\u00e9c\u00e9dente lettre, j\u2019ai remis la maison \u00e0 peu pr\u00e8s en ordre.<br \/>\nPour le chauffage, le feu est presque inutile, 15\u00b0 sans feu, aussi je t\u2019\u00e9cris dans le salon.<br \/>\nHier au soir par exemple manque d\u2019\u00e9lectricit\u00e9 pendant une heure, de 6 \u00e0 7.<br \/>\nMais je te quitte pour aujourd\u2019hui en t\u2019embrassant bien tendrement de tout c\u0153ur ?<br \/>\nTout \u00e0 toi.<br \/>\nEmilie<\/p>\n<h4 style=\"text-align: justify;\">\nLettre d\u2019Yves<br \/>\n22.2.1917<\/h4>\n<p style=\"text-align: justify;\">\nMon cher papa,<br \/>\nMaman m\u2019a lu ta lettre \u00e0 moi, je suis bien fi\u00e8re que tu m\u2019\u00e9crives. Je suis toujours sage, je ne me r\u00e9veille plus de la nuit et je m\u2019endors tout seul dans lit avec ton portrait de soleil.<br \/>\nDemain je te dirai mon poids. Tant\u00f4t nous nous baignons et maman me mettra dans la petite corbeille pour me peser.<br \/>\nMon petit lit est presque aussi beau que celui du petit fr\u00e8re, il est tout blanc.<br \/>\nPeut-\u00eatre que demain j\u2019irai chez tonton gallo \u00e0 Auteuil. Je lui donnerai de tes nouvelles.<br \/>\nMon papa ch\u00e9ri, je t\u2019envoie mes plus bons baisers et je te fais beaucoup de caresses.<br \/>\nTon Yves<\/p>\n<br \/><g:plusone size=\"\" href=\"https%3A%2F%2Flettresoubliees1418.fr%2Fwordpress%2F2011%2F04%2Flettre-du-22-fevrier-1917-demilie-sibaud%2F\"><\/g:plusone>","protected":false},"excerpt":{"rendered":"<p>Vincennes, le 22 f\u00e9vrier 1917 Jeudi matin &nbsp; Mon ch\u00e9ri, Encore la pluie ! Ciel gris et bas, ta ch\u00e8re lettre est venue m\u2019apporter un peu de bleu dans toute cette grisaille ! Je suis heureux pour toi mon aim\u00e9 &hellip; <a href=\"https:\/\/lettresoubliees1418.fr\/wordpress\/2011\/04\/lettre-du-22-fevrier-1917-demilie-sibaud\/\">Continue reading <span class=\"meta-nav\">&rarr;<\/span><\/a><\/p>\n","protected":false},"author":1,"featured_media":0,"comment_status":"open","ping_status":"open","sticky":false,"template":"","format":"standard","meta":[],"categories":[4,6],"tags":[17,27,19,41,29,28],"_links":{"self":[{"href":"https:\/\/lettresoubliees1418.fr\/wordpress\/wp-json\/wp\/v2\/posts\/448"}],"collection":[{"href":"https:\/\/lettresoubliees1418.fr\/wordpress\/wp-json\/wp\/v2\/posts"}],"about":[{"href":"https:\/\/lettresoubliees1418.fr\/wordpress\/wp-json\/wp\/v2\/types\/post"}],"author":[{"embeddable":true,"href":"https:\/\/lettresoubliees1418.fr\/wordpress\/wp-json\/wp\/v2\/users\/1"}],"replies":[{"embeddable":true,"href":"https:\/\/lettresoubliees1418.fr\/wordpress\/wp-json\/wp\/v2\/comments?post=448"}],"version-history":[{"count":2,"href":"https:\/\/lettresoubliees1418.fr\/wordpress\/wp-json\/wp\/v2\/posts\/448\/revisions"}],"predecessor-version":[{"id":450,"href":"https:\/\/lettresoubliees1418.fr\/wordpress\/wp-json\/wp\/v2\/posts\/448\/revisions\/450"}],"wp:attachment":[{"href":"https:\/\/lettresoubliees1418.fr\/wordpress\/wp-json\/wp\/v2\/media?parent=448"}],"wp:term":[{"taxonomy":"category","embeddable":true,"href":"https:\/\/lettresoubliees1418.fr\/wordpress\/wp-json\/wp\/v2\/categories?post=448"},{"taxonomy":"post_tag","embeddable":true,"href":"https:\/\/lettresoubliees1418.fr\/wordpress\/wp-json\/wp\/v2\/tags?post=448"}],"curies":[{"name":"wp","href":"https:\/\/api.w.org\/{rel}","templated":true}]}}