{"id":358,"date":"2011-04-17T11:24:13","date_gmt":"2011-04-17T11:24:13","guid":{"rendered":"http:\/\/lettresoubliees1418.fr\/wordpress\/?p=358"},"modified":"2011-04-13T09:11:41","modified_gmt":"2011-04-13T09:11:41","slug":"lettre-du-16-fevrier-1917-demilie-sibaud","status":"publish","type":"post","link":"https:\/\/lettresoubliees1418.fr\/wordpress\/2011\/04\/lettre-du-16-fevrier-1917-demilie-sibaud\/","title":{"rendered":"Lettre du 16 f\u00e9vrier 1917 d&rsquo;Emilie Sibaud"},"content":{"rendered":"<h4>Vincennes, le 16 f\u00e9vrier 1917<br \/>\nVendredi matin<\/h4>\n<p>\u00a0<\/p>\n<p style=\"text-align: justify;\"><a rel=\"attachment wp-att-227\" href=\"http:\/\/lettresoubliees1418.fr\/wordpress\/illustrations\/emiliejeune-grosplan-640x480\/\"><img loading=\"lazy\" class=\"alignleft size-thumbnail wp-image-227\" title=\"Emilie jeune gros plan\" src=\"http:\/\/lettresoubliees1418.fr\/wordpress\/wp-content\/uploads\/2011\/03\/\u00e9miliejeune-grosplan-640x480-111x150.jpg\" alt=\"Emilie jeune gros plan\" width=\"111\" height=\"150\" srcset=\"https:\/\/lettresoubliees1418.fr\/wordpress\/wp-content\/uploads\/2011\/03\/\u00e9miliejeune-grosplan-640x480-111x150.jpg 111w, https:\/\/lettresoubliees1418.fr\/wordpress\/wp-content\/uploads\/2011\/03\/\u00e9miliejeune-grosplan-640x480-222x300.jpg 222w, https:\/\/lettresoubliees1418.fr\/wordpress\/wp-content\/uploads\/2011\/03\/\u00e9miliejeune-grosplan-640x480.jpg 356w\" sizes=\"(max-width: 111px) 100vw, 111px\" \/><\/a>Mon cher Marcel,<\/p>\n<p style=\"text-align: justify;\">J\u2019ai lu avec plaisir de tes nouvelles hier soir. J\u2019ai eu la joie de recevoir ta lettre du 13, t\u2019ayant d\u00e9j\u00e0 lu le matin.<br \/>\nCe qui m\u2019ennuie, c\u2019est de savoir que tu n\u2019as encore rien re\u00e7u de nous, moi qui t\u2019aie \u00e9crit dimanche matin pour que tu aies une lettre le plus t\u00f4t possible, enfin j\u2019esp\u00e8re que maintenant tu m\u2019as lu.<br \/>\nHier matin jeudi, j\u2019ai profit\u00e9 du beau soleil pour sortir Yves et aller voir ta m\u00e8re et lui porter de tes nouvelles. Je lui ai parl\u00e9 de tes jambi\u00e8res, et Mme Sibaud est de mon avis que tu en auras toujours besoin, et qu\u2019elles pourraient bien augmenter. Elle venait de t\u2019\u00e9crire, alors elle m\u2019a charg\u00e9e de te dire qu\u2019elle voulait te les offrir, et que tu lui dises comment tu veux qu\u2019elle t\u2019envoie les 22 frs.<br \/>\nJ\u2019avais d\u2019ailleurs l\u2019intention de faire la m\u00eame chose mais puisque ta m\u00e8re te les donne, dis-moi ce que tu aurais besoin ou ce que tu aurais envie. Je t\u2019envoie l\u2019argent dont tu auras besoin.<br \/>\nQuelle temp\u00e9rature avez-vous ? N\u2019\u00eates-vous pas chauffer du tout ?<br \/>\nJe vois qu\u2019\u00e0 Clermont, on pense toujours \u00e0 toi, et bien que ton passage par l\u00e0 m\u2019aurait priv\u00e9 du bonheur de t\u2019avoir pr\u00e8s de moi cela aurait peut-\u00eatre \u00e9t\u00e9 mieux que tu t\u2019arr\u00eates l\u00e0 ; tu aurais \u00e9t\u00e9 moins fatigu\u00e9 que de faire le trajet d\u2019un seul coup.<br \/>\n<span style=\"color: #993366;\">Pour la correspondance, je t\u2019en prie mon ch\u00e9ri ne te fais nul souci, tes ch\u00e8res lettres seront les bienvenues quelque retard qu\u2019elles aient et les jours o\u00f9 tu ne pourras \u00e9crire, je penserai que c\u2019est que tu avais trop \u00e0 faire. Pour moi je t\u2019\u00e9cris chaque jour \u00e0 la m\u00eame heure. Je voudrai tant et tant te dire de choses ! Et ma plume ne sait pas les \u00e9crire.<\/span><br \/>\nEn ce qui concerne le capitaine Codech\u00e8vre, je suis bien contente pour toi que son accueil ait \u00e9t\u00e9 bien aimable.<br \/>\nPour la man\u0153uvre, je ne vois pas comment tu aurais pu commander bien et tout le temps du premier coup ! <span style=\"color: #993366;\">Vraiment tu n\u2019as pas assez confiance en toi.<\/span> Qu\u2019est-ce donc que l\u2019avocat de Nancy dont tu me parles ? Ne r\u00e9ponds \u00e0 mes questions que si tu as le temps ! C\u2019est bien ennuyeux que tu ne puisses pendre une chambre en dehors ! <span style=\"color: #993366;\">Ne pr\u00eate donc pas tes carnets de notes comme cela !<\/span><br \/>\nAu revoir mon aim\u00e9, je te quitte pour ce matin en t\u2019envoyant mes plus tendres baisers. Bonjour des mamans.<br \/>\nTout \u00e0 toi.<br \/>\nEmilie<\/p>\n<p style=\"text-align: justify;\">Gros baisers \u00e0 mon papa ch\u00e9ri de ton petit Yves.<\/p>\n<br \/><g:plusone size=\"\" href=\"https%3A%2F%2Flettresoubliees1418.fr%2Fwordpress%2F2011%2F04%2Flettre-du-16-fevrier-1917-demilie-sibaud%2F\"><\/g:plusone>","protected":false},"excerpt":{"rendered":"<p>Vincennes, le 16 f\u00e9vrier 1917 Vendredi matin \u00a0 Mon cher Marcel, J\u2019ai lu avec plaisir de tes nouvelles hier soir. J\u2019ai eu la joie de recevoir ta lettre du 13, t\u2019ayant d\u00e9j\u00e0 lu le matin. Ce qui m\u2019ennuie, c\u2019est de &hellip; <a href=\"https:\/\/lettresoubliees1418.fr\/wordpress\/2011\/04\/lettre-du-16-fevrier-1917-demilie-sibaud\/\">Continue reading <span class=\"meta-nav\">&rarr;<\/span><\/a><\/p>\n","protected":false},"author":1,"featured_media":0,"comment_status":"open","ping_status":"open","sticky":false,"template":"","format":"standard","meta":[],"categories":[4],"tags":[17,105,27,25,19,104,29,13],"_links":{"self":[{"href":"https:\/\/lettresoubliees1418.fr\/wordpress\/wp-json\/wp\/v2\/posts\/358"}],"collection":[{"href":"https:\/\/lettresoubliees1418.fr\/wordpress\/wp-json\/wp\/v2\/posts"}],"about":[{"href":"https:\/\/lettresoubliees1418.fr\/wordpress\/wp-json\/wp\/v2\/types\/post"}],"author":[{"embeddable":true,"href":"https:\/\/lettresoubliees1418.fr\/wordpress\/wp-json\/wp\/v2\/users\/1"}],"replies":[{"embeddable":true,"href":"https:\/\/lettresoubliees1418.fr\/wordpress\/wp-json\/wp\/v2\/comments?post=358"}],"version-history":[{"count":7,"href":"https:\/\/lettresoubliees1418.fr\/wordpress\/wp-json\/wp\/v2\/posts\/358\/revisions"}],"predecessor-version":[{"id":422,"href":"https:\/\/lettresoubliees1418.fr\/wordpress\/wp-json\/wp\/v2\/posts\/358\/revisions\/422"}],"wp:attachment":[{"href":"https:\/\/lettresoubliees1418.fr\/wordpress\/wp-json\/wp\/v2\/media?parent=358"}],"wp:term":[{"taxonomy":"category","embeddable":true,"href":"https:\/\/lettresoubliees1418.fr\/wordpress\/wp-json\/wp\/v2\/categories?post=358"},{"taxonomy":"post_tag","embeddable":true,"href":"https:\/\/lettresoubliees1418.fr\/wordpress\/wp-json\/wp\/v2\/tags?post=358"}],"curies":[{"name":"wp","href":"https:\/\/api.w.org\/{rel}","templated":true}]}}