{"id":352,"date":"2011-04-15T11:15:50","date_gmt":"2011-04-15T11:15:50","guid":{"rendered":"http:\/\/lettresoubliees1418.fr\/wordpress\/?p=352"},"modified":"2011-04-12T20:20:45","modified_gmt":"2011-04-12T20:20:45","slug":"lettre-du-15-fevrier-1917-demilie-sibaud","status":"publish","type":"post","link":"https:\/\/lettresoubliees1418.fr\/wordpress\/2011\/04\/lettre-du-15-fevrier-1917-demilie-sibaud\/","title":{"rendered":"Lettre du 15 f\u00e9vrier 1917 d&rsquo;Emilie Sibaud"},"content":{"rendered":"<h4>Vincennes, le 15 f\u00e9vrier 1917<br \/>\nJeudi matin<\/h4>\n<p>&nbsp;<\/p>\n<p style=\"text-align: justify;\">Mon cher Marcel,<br \/>\nJe re\u00e7ois \u00e0 l\u2019instant ta lettre du 12, je l\u2019attendais avec impatience. J\u2019esp\u00e8re que maintenant tu as du recevoir mes lettres ?<br \/>\nHier apr\u00e8s-midi, nous avons \u00e9t\u00e9 voir Madame Sibaud qui avait re\u00e7u aussi de tes bonnes nouvelles.<br \/>\nLa temp\u00e9rature est plus douce. Je veux croire que Valr\u00e9as est aussi favoris\u00e9 que nous. <span style=\"color: #993366;\">Le pays, me dis-tu, est pittoresque, que ne puis-je le regarder avec toi ! Je me demande, tu vas dire que je suis pas raisonnable, peut-\u00eatre je me demande si au mois d\u2019avril, je n\u2019irais pas avec le tout petit seul passer un peu de temps pr\u00e8s de toi.<\/span><br \/>\nTu as d\u00fb voir maintenant le capitaine Codech\u00e8vre, et tu dois commencer \u00e0 prendre un peu tes habitudes. Prend une chambre,\u00a0 ce sera certainement plus agr\u00e9able pour toi et s\u2019il te manque de l\u2019argent, \u00e9cris-le moi.<br \/>\nJe pense que tu pourras bien acheter les molleti\u00e8res que tu as vues, car elles co\u00fbteront peut-\u00eatre plus ch\u00e8res plus tard.<br \/>\nEn attendant tu as bien fait de prendre les petites courroies jaune. Si tu as des liens en double, renvoie-moi ceux que tu as emport\u00e9s et qui te g\u00eanent peut-\u00eatre.<br \/>\nJe vois que vous avez un emploi du temps tr\u00e8s rempli, pourvu que tu ne sois pas trop fatigu\u00e9 !<br \/>\nNos sant\u00e9s sont toujours bonnes et je crois que le rel\u00e8vement de la temp\u00e9rature nous sera encore favorable.<br \/>\nDans ma lettre du dimanche, je te disais que j\u2019avais remerci\u00e9 Tante Am\u00e9lie de son envoi. Lundi j\u2019ai eu une lettre de Marie qui me disait qu\u2019elle avait des amis \u00e0 La Palud.<br \/>\nDans ma lettre aussi je te disais que j\u2019avais vu Mlle Campergue, que tout allait bien de ce c\u00f4t\u00e9 et sans trop te donner d\u2019espoir, elle penche pour la classe 36.<br \/>\nNous avons eu aussi la visite de Mme Banault, elle \u00e9tait d\u00e9j\u00e0 venue pendant notre absence, ce devait \u00eatre la dame entre deux \u00e2ges ! Mme Toussaint n\u2019est pas difficile !!<br \/>\n<span style=\"color: #993366;\">Yves r\u00e9clame pour t\u2019\u00e9crire, il a beaucoup de choses \u00e0 te dire ! Para\u00eet-il, il \u00e9tait tr\u00e8s fier que tu es mis \u00e0 part \u00ab bons baisers \u00e0 Toto ! \u00bb, il est en train de mettre une plume dans le porte-plume marron trouvant que je ne vais pas assez vite. Voyez-vous cette impatience ! C\u2019est lui qui chaque jour met tes lettres \u00e0 la poste et avec quel soin !<\/span><br \/>\nNous allons aller porter celle-ci tout les deux en allant dire bonjour \u00e0 grand-m\u00e8re Sibaud, nous chargeons notre lettre de nos meilleurs et plus tendres baisers pour toi, esp\u00e9rant avoir bient\u00f4t de tes bonnes nouvelles, au revoir mon ch\u00e9ri.<\/p>\n<p style=\"text-align: center;\">\nTout \u00e0 toi.<br \/>\nEmilie<\/p>\n<p style=\"text-align: justify;\">\n<p><span style=\"color: #999999;\">[Ligne d\u2019Yves]<\/span><br \/>\nMon cher papa,<\/p>\n<p>Pan ! Je t\u2019\u00e9cris mon petit mot. Toto est bien sage, il voudrait bien que tu ach\u00e8tes des molleti\u00e8res pour lui. Je te quitte pour aller porter ta lettre \u00e0 la poste en allant faire un coup \u00e0 grand-m\u00e8re Sibaud. <span style=\"color: #993366;\">Tu sais je t\u2019\u00e9cris tout seul pour te dire des petites choses \u00e0 l\u2019oreille.<\/span> Je t\u2019aime bien fort, et je suis bien raisonnable avec maman. <span style=\"color: #993366;\">Je crois que bient\u00f4t on va m\u2019apporter un petit fr\u00e8re dans un manchon.<\/span><br \/>\nGros baisers de ton petit Yves.<\/p>\n<br \/><g:plusone size=\"\" href=\"https%3A%2F%2Flettresoubliees1418.fr%2Fwordpress%2F2011%2F04%2Flettre-du-15-fevrier-1917-demilie-sibaud%2F\"><\/g:plusone>","protected":false},"excerpt":{"rendered":"<p>Vincennes, le 15 f\u00e9vrier 1917 Jeudi matin &nbsp; Mon cher Marcel, Je re\u00e7ois \u00e0 l\u2019instant ta lettre du 12, je l\u2019attendais avec impatience. J\u2019esp\u00e8re que maintenant tu as du recevoir mes lettres ? Hier apr\u00e8s-midi, nous avons \u00e9t\u00e9 voir Madame &hellip; <a href=\"https:\/\/lettresoubliees1418.fr\/wordpress\/2011\/04\/lettre-du-15-fevrier-1917-demilie-sibaud\/\">Continue reading <span class=\"meta-nav\">&rarr;<\/span><\/a><\/p>\n","protected":false},"author":1,"featured_media":0,"comment_status":"open","ping_status":"open","sticky":false,"template":"","format":"standard","meta":[],"categories":[4,6],"tags":[17,27,25,41,29,35],"_links":{"self":[{"href":"https:\/\/lettresoubliees1418.fr\/wordpress\/wp-json\/wp\/v2\/posts\/352"}],"collection":[{"href":"https:\/\/lettresoubliees1418.fr\/wordpress\/wp-json\/wp\/v2\/posts"}],"about":[{"href":"https:\/\/lettresoubliees1418.fr\/wordpress\/wp-json\/wp\/v2\/types\/post"}],"author":[{"embeddable":true,"href":"https:\/\/lettresoubliees1418.fr\/wordpress\/wp-json\/wp\/v2\/users\/1"}],"replies":[{"embeddable":true,"href":"https:\/\/lettresoubliees1418.fr\/wordpress\/wp-json\/wp\/v2\/comments?post=352"}],"version-history":[{"count":2,"href":"https:\/\/lettresoubliees1418.fr\/wordpress\/wp-json\/wp\/v2\/posts\/352\/revisions"}],"predecessor-version":[{"id":354,"href":"https:\/\/lettresoubliees1418.fr\/wordpress\/wp-json\/wp\/v2\/posts\/352\/revisions\/354"}],"wp:attachment":[{"href":"https:\/\/lettresoubliees1418.fr\/wordpress\/wp-json\/wp\/v2\/media?parent=352"}],"wp:term":[{"taxonomy":"category","embeddable":true,"href":"https:\/\/lettresoubliees1418.fr\/wordpress\/wp-json\/wp\/v2\/categories?post=352"},{"taxonomy":"post_tag","embeddable":true,"href":"https:\/\/lettresoubliees1418.fr\/wordpress\/wp-json\/wp\/v2\/tags?post=352"}],"curies":[{"name":"wp","href":"https:\/\/api.w.org\/{rel}","templated":true}]}}