{"id":346,"date":"2011-04-14T11:11:05","date_gmt":"2011-04-14T11:11:05","guid":{"rendered":"http:\/\/lettresoubliees1418.fr\/wordpress\/?p=346"},"modified":"2011-04-12T20:15:11","modified_gmt":"2011-04-12T20:15:11","slug":"lettre-du-15-fevrier-1917-de-marcel-sibaud","status":"publish","type":"post","link":"https:\/\/lettresoubliees1418.fr\/wordpress\/2011\/04\/lettre-du-15-fevrier-1917-de-marcel-sibaud\/","title":{"rendered":"Lettre du 15 f\u00e9vrier 1917 de Marcel Sibaud"},"content":{"rendered":"<h4>Valr\u00e9as, l5.2.1917<\/h4>\n<p>&nbsp;<\/p>\n<p style=\"text-align: justify;\"><a rel=\"attachment wp-att-223\" href=\"http:\/\/lettresoubliees1418.fr\/wordpress\/illustrations\/soldat-pieds-dans-leau-800x600\/\"><img loading=\"lazy\" class=\"alignleft size-thumbnail wp-image-223\" title=\"soldat pieds dans l'eau\" src=\"http:\/\/lettresoubliees1418.fr\/wordpress\/wp-content\/uploads\/2011\/03\/soldat-pieds-dans-leau-800x600-116x150.jpg\" alt=\"soldat pieds dans l'eau\" width=\"116\" height=\"150\" srcset=\"https:\/\/lettresoubliees1418.fr\/wordpress\/wp-content\/uploads\/2011\/03\/soldat-pieds-dans-leau-800x600-116x150.jpg 116w, https:\/\/lettresoubliees1418.fr\/wordpress\/wp-content\/uploads\/2011\/03\/soldat-pieds-dans-leau-800x600-232x300.jpg 232w, https:\/\/lettresoubliees1418.fr\/wordpress\/wp-content\/uploads\/2011\/03\/soldat-pieds-dans-leau-800x600.jpg 464w\" sizes=\"(max-width: 116px) 100vw, 116px\" \/><\/a>Ce soir je prends mes pr\u00e9cautions pour pouvoir mettre ta lettre apr\u00e8s le d\u00eener. Je t\u2019\u00e9cris au retour de a man\u0153uvre assez dure de 1 \u00e0 5 en terrain d\u00e9tremp\u00e9. Je t\u2019\u00e9cris de ma chambre ; je l\u2019ai laiss\u00e9e ouverte toute la journ\u00e9e pour la r\u00e9chauffer. Avec ma capote et apr\u00e8s les exercices de la journ\u00e9e, je n\u2019ai pas froid.<br \/>\nLe colonel ne conseille pas de faire venir les familles, je crois qu\u2019il a raison. D\u2019apr\u00e8s une note parue dans les journaux je ne pourrai d\u2019ailleurs plus venir en permission de 24 heures de Maisse puisque il me faudrait prendre \u00ab le dus \u00bb. Je n\u2019ai pas command\u00e9 de nouveau ; d\u2019ailleurs personne ne pourrait se douter que je connais sinon le capitaine du moins sa famille. A une question pos\u00e9e \u00e0 tout le monde j\u2019ai du moins fait une r\u00e9ponse heureuse.<br \/>\nJ\u2019ai eu le plaisir de recevoir la 1ere lettre que tu m\u2019as \u00e9crite. Elle est arriv\u00e9e apr\u00e8s celle du 12 ayant err\u00e9 dans la 5e section. Indique bien \u00e0 l\u2019avenir 3e Section. J\u2019ai re\u00e7u une lettre de M. Gavris adress\u00e9e \u00e0 Milly. Je lui avais \u00e9crit d\u2019ici. L\u2019officier qu\u2019il conna\u00eet n\u2019est pas \u00e0 Valr\u00e9as mais aux environs.<br \/>\nJ\u2019esp\u00e8re avoir de tes nouvelles demain peut-\u00eatre auras-tu vu la doctoresse.<br \/>\n<span style=\"color: #800080;\">Samedi nous devons avoir interrogation. Je me bourre le cr\u00e2ne pour t\u00e2cher de n\u2019\u00eatre pas trop mauvais.<\/span> Je me l\u00e8ve \u00e0 6h \u00bd bien que le r\u00e9veil ne soit qu\u2019\u00e0 7 heures et je me couche \u00e0 20 h au lieu de 9. Le seul avantage de ma chambre est d\u2019\u00e9chapper au bruit de la chambr\u00e9e et d\u2019\u00eatre plus \u00e0 mon aise pour la toilette. Ce sera sensible le dimanche surtout. Mais pour ce qui est, c\u2019est horriblement cher et en plein nord. On n\u2019a pas chass\u00e9 les marchandes du temple car c\u2019est \u00e0 l\u2019\u00e9cole des fr\u00e8res que je suis log\u00e9.<br \/>\nMille baisers \u00e0 toi et au b\u00e9b\u00e9. Amiti\u00e9s aux mamans.<br \/>\nTon Marcel<\/p>\n<br \/><g:plusone size=\"\" href=\"https%3A%2F%2Flettresoubliees1418.fr%2Fwordpress%2F2011%2F04%2Flettre-du-15-fevrier-1917-de-marcel-sibaud%2F\"><\/g:plusone>","protected":false},"excerpt":{"rendered":"<p>Valr\u00e9as, l5.2.1917 &nbsp; Ce soir je prends mes pr\u00e9cautions pour pouvoir mettre ta lettre apr\u00e8s le d\u00eener. Je t\u2019\u00e9cris au retour de a man\u0153uvre assez dure de 1 \u00e0 5 en terrain d\u00e9tremp\u00e9. Je t\u2019\u00e9cris de ma chambre ; je &hellip; <a href=\"https:\/\/lettresoubliees1418.fr\/wordpress\/2011\/04\/lettre-du-15-fevrier-1917-de-marcel-sibaud\/\">Continue reading <span class=\"meta-nav\">&rarr;<\/span><\/a><\/p>\n","protected":false},"author":1,"featured_media":0,"comment_status":"open","ping_status":"open","sticky":false,"template":"","format":"standard","meta":[],"categories":[3],"tags":[17,102,25,26,29],"_links":{"self":[{"href":"https:\/\/lettresoubliees1418.fr\/wordpress\/wp-json\/wp\/v2\/posts\/346"}],"collection":[{"href":"https:\/\/lettresoubliees1418.fr\/wordpress\/wp-json\/wp\/v2\/posts"}],"about":[{"href":"https:\/\/lettresoubliees1418.fr\/wordpress\/wp-json\/wp\/v2\/types\/post"}],"author":[{"embeddable":true,"href":"https:\/\/lettresoubliees1418.fr\/wordpress\/wp-json\/wp\/v2\/users\/1"}],"replies":[{"embeddable":true,"href":"https:\/\/lettresoubliees1418.fr\/wordpress\/wp-json\/wp\/v2\/comments?post=346"}],"version-history":[{"count":5,"href":"https:\/\/lettresoubliees1418.fr\/wordpress\/wp-json\/wp\/v2\/posts\/346\/revisions"}],"predecessor-version":[{"id":351,"href":"https:\/\/lettresoubliees1418.fr\/wordpress\/wp-json\/wp\/v2\/posts\/346\/revisions\/351"}],"wp:attachment":[{"href":"https:\/\/lettresoubliees1418.fr\/wordpress\/wp-json\/wp\/v2\/media?parent=346"}],"wp:term":[{"taxonomy":"category","embeddable":true,"href":"https:\/\/lettresoubliees1418.fr\/wordpress\/wp-json\/wp\/v2\/categories?post=346"},{"taxonomy":"post_tag","embeddable":true,"href":"https:\/\/lettresoubliees1418.fr\/wordpress\/wp-json\/wp\/v2\/tags?post=346"}],"curies":[{"name":"wp","href":"https:\/\/api.w.org\/{rel}","templated":true}]}}