{"id":324,"date":"2011-04-11T13:22:04","date_gmt":"2011-04-11T13:22:04","guid":{"rendered":"http:\/\/lettresoubliees1418.fr\/wordpress\/?p=324"},"modified":"2011-04-04T21:25:33","modified_gmt":"2011-04-04T21:25:33","slug":"lettre-du-13-fevrier-1917-demilie-sibaud","status":"publish","type":"post","link":"https:\/\/lettresoubliees1418.fr\/wordpress\/2011\/04\/lettre-du-13-fevrier-1917-demilie-sibaud\/","title":{"rendered":"Lettre du 13 f\u00e9vrier 1917 d&rsquo;Emilie Sibaud"},"content":{"rendered":"<h4>Vincennes, le 13 f\u00e9vrier 1917<br \/>\nMardi matin<\/h4>\n<p>&nbsp;<\/p>\n<p style=\"text-align: justify;\">Mon cher Marcel,<br \/>\nJ\u2019esp\u00e8re que tu as re\u00e7u une de mes lettres, je les ai \u00e9crites dimanche, lundi et aujourd\u2019hui. Peut-\u00eatre te lirai-je ce soir ? J\u2019ai re\u00e7u ce matin une lettre de Marie, elle me dit qu\u2019ils ont tous souffert du froid, je crois qu\u2019elle va t\u2019\u00e9crire.<br \/>\nJ\u2019ai vu la doctoresse hier apr\u00e8s-midi, tout va bien, elle pense que ce sera un gros b\u00e9b\u00e9 et penche pour un gar\u00e7on. Elle m\u2019a dis de sortir. La temp\u00e9rature aujourd\u2019hui s\u2019est sensiblement radoucie. Je vais en profiter pour aller voir ta m\u00e8re avec Yves \u00e0 1h \u00bd cette apr\u00e8s-midi.<br \/>\nTandis que je t\u2019\u00e9cris Yves joue avec Roger qui est venu le voir ce matin. Nous avons eu hier la visite de Madame Banault. Yves a \u00e9t\u00e9 tr\u00e8s mignon, lui a dit qu\u2019il avait \u00e9t\u00e9 te conduire, <span style=\"color: #800080;\">que \u00e7a lui avait fait du chagrin<\/span> !<br \/>\nEt toi mon ch\u00e9ri, comment vas-tu ? Comment supportes-tu ton nouveau genre de vie ? Je serai bien heureuse de te lire, d\u2019avoir de tes nouvelles, de savoir un peu comment s\u2019est pass\u00e9e ton arriv\u00e9e. Marie me dit dans sa lettre qu\u2019elle a des amies \u00e0 La Palud non loin de Valr\u00e9as et qu\u2019il y faisait pas mal froid les jours derniers.<br \/>\n<span style=\"color: #800080;\">Oncle Emile est toujours optimiste et voit toujours la fin de la guerre prochaine. Il est vrai que voici deux ans que cela dure !<\/span><br \/>\nJe ne vois toujours pas grand changement, enfin il fait bien esp\u00e9rer !<br \/>\nNous attendons toujours le charbon. Il en est pourtant arriv\u00e9 un peu partout. Je crois que la hausse de la temp\u00e9rature serait la meilleure chose !<br \/>\nL\u00e0 il fait bon, le soleil nous r\u00e9chauffe presqu\u2019autant que le feu.<br \/>\nJe te quitte pour ce matin en t\u2019embrassant bien tendrement.<br \/>\nTout \u00e0 toi.<br \/>\nEmilie<\/p>\n<p>[Ligne d\u2019Yves] Mon papa ch\u00e9ri,<br \/>\nJe t\u2019\u00e9cris mon petit mot. Je suis bien sage. Tant\u00f4t je vais voir grand-m\u00e8re Sibaud. Je te donnerai demain dans ma lettre de ses nouvelles.<br \/>\nTon petit Yves. Gros baisers. Amiti\u00e9s de Tata.<\/p>\n<br \/><g:plusone size=\"\" href=\"https%3A%2F%2Flettresoubliees1418.fr%2Fwordpress%2F2011%2F04%2Flettre-du-13-fevrier-1917-demilie-sibaud%2F\"><\/g:plusone>","protected":false},"excerpt":{"rendered":"<p>Vincennes, le 13 f\u00e9vrier 1917 Mardi matin &nbsp; Mon cher Marcel, J\u2019esp\u00e8re que tu as re\u00e7u une de mes lettres, je les ai \u00e9crites dimanche, lundi et aujourd\u2019hui. Peut-\u00eatre te lirai-je ce soir ? J\u2019ai re\u00e7u ce matin une lettre &hellip; <a href=\"https:\/\/lettresoubliees1418.fr\/wordpress\/2011\/04\/lettre-du-13-fevrier-1917-demilie-sibaud\/\">Continue reading <span class=\"meta-nav\">&rarr;<\/span><\/a><\/p>\n","protected":false},"author":1,"featured_media":0,"comment_status":"open","ping_status":"open","sticky":false,"template":"","format":"standard","meta":[],"categories":[4],"tags":[17,27,100,53,29,28],"_links":{"self":[{"href":"https:\/\/lettresoubliees1418.fr\/wordpress\/wp-json\/wp\/v2\/posts\/324"}],"collection":[{"href":"https:\/\/lettresoubliees1418.fr\/wordpress\/wp-json\/wp\/v2\/posts"}],"about":[{"href":"https:\/\/lettresoubliees1418.fr\/wordpress\/wp-json\/wp\/v2\/types\/post"}],"author":[{"embeddable":true,"href":"https:\/\/lettresoubliees1418.fr\/wordpress\/wp-json\/wp\/v2\/users\/1"}],"replies":[{"embeddable":true,"href":"https:\/\/lettresoubliees1418.fr\/wordpress\/wp-json\/wp\/v2\/comments?post=324"}],"version-history":[{"count":2,"href":"https:\/\/lettresoubliees1418.fr\/wordpress\/wp-json\/wp\/v2\/posts\/324\/revisions"}],"predecessor-version":[{"id":326,"href":"https:\/\/lettresoubliees1418.fr\/wordpress\/wp-json\/wp\/v2\/posts\/324\/revisions\/326"}],"wp:attachment":[{"href":"https:\/\/lettresoubliees1418.fr\/wordpress\/wp-json\/wp\/v2\/media?parent=324"}],"wp:term":[{"taxonomy":"category","embeddable":true,"href":"https:\/\/lettresoubliees1418.fr\/wordpress\/wp-json\/wp\/v2\/categories?post=324"},{"taxonomy":"post_tag","embeddable":true,"href":"https:\/\/lettresoubliees1418.fr\/wordpress\/wp-json\/wp\/v2\/tags?post=324"}],"curies":[{"name":"wp","href":"https:\/\/api.w.org\/{rel}","templated":true}]}}