{"id":166,"date":"2011-03-28T15:00:02","date_gmt":"2011-03-28T15:00:02","guid":{"rendered":"http:\/\/lettresoubliees1418.fr\/wordpress\/?p=166"},"modified":"2011-03-28T15:28:31","modified_gmt":"2011-03-28T15:28:31","slug":"lettre-du-29-janvier-1917-de-marcel-sibaud","status":"publish","type":"post","link":"https:\/\/lettresoubliees1418.fr\/wordpress\/2011\/03\/lettre-du-29-janvier-1917-de-marcel-sibaud\/","title":{"rendered":"Lettre du 29 janvier 1917 de Marcel Sibaud"},"content":{"rendered":"<h4>Milly, le 29.1.17<\/h4>\n<p>\u00a0<\/p>\n<p style=\"text-align: justify;\">Ma petite ch\u00e9rie,<\/p>\n<p style=\"text-align: justify;\">Je prends pour toi ma derni\u00e8re feuille de papier et ma derni\u00e8re enveloppe ayant \u00e9crit \u00e0 ton oncle Gallo, \u00e0 Clermont, \u00e0 la caisse etc. Je viens d\u2019\u00eatre officiellement avis\u00e9 de mon envoi \u00e0 Valr\u00e9as. D\u2019accord avec le capitaine, je quitterai Milly samedi prochain. Je t\u00e2cherai que ce soit le matin, \u00e0 temps pour que je puisse r\u00e9gler mes affaires \u00e0 Maisse et prendre si possible le train de 5h20. Je t\u00e2cherai aussi, mais ce sera peut-\u00eatre plus dur, de ne pas arriver de nuit \u00e0 Maisse avant mon d\u00e9part.<\/p>\n<p style=\"text-align: justify;\">Comme j\u2019\u00e9tais enrhum\u00e9, Mme Lev\u00eaque m\u2019a offert apr\u00e8s d\u00e9jeuner un caf\u00e9 br\u00fblant. Je t\u2019\u00e9cris ce soir avant d\u2019aller me coucher ce que je ferai d\u2019assez bonne heure. La propri\u00e9taire me propose une infusion de tilleul. On n\u2019est pas plus aimable.<\/p>\n<p style=\"text-align: justify;\">Nous avons \u00e9t\u00e9 dans la journ\u00e9e en for\u00eat\u00a0; il fait toujours tr\u00e8s froid.<\/p>\n<p style=\"text-align: justify;\">Je sais qu\u2019une lettre, la tienne sans doute, me court apr\u00e8s mais elle ne m\u2019a pas encore rejoint. Celle de maman serait \u00e0 Maisse.<\/p>\n<p style=\"text-align: justify;\">La major a repris son service aujourd\u2019hui, ce soir il n\u2019est pas tr\u00e8s entrain et est all\u00e9 se coucher \u00e0 8 heures. Je le suivrai \u00e0 peu d\u2019intervalle.<\/p>\n<p style=\"text-align: justify;\">La Malac\u00e9\u00efne(1) a bien r\u00e9tabli l\u2019\u00e9pideraie de mes narines\u00a0; je vais ce soir\u00a0me graisser le nez\u00a0: il en a besoin.<\/p>\n<p style=\"text-align: justify;\">J\u2019aurai peut-\u00eatre de tes nouvelles demain. En attendant, je t\u2019embrasse mille et mille fois ainsi que toto.<\/p>\n<p style=\"text-align: justify;\">Ton Marcel<\/p>\n<p style=\"text-align: justify;\">Amiti\u00e9s \u00e0 ta m\u00e8re.<\/p>\n<p style=\"text-align: justify;\">Ne t\u2019inqui\u00e8te pas, je n\u2019ai pas encore achet\u00e9 l\u2019indicateur. Je ne le prendrai pas avant samedi ou dimanche, selon les besoins.<\/p>\n<h6 style=\"text-align: justify;\">1- La Malac\u00e9\u00efne est une cr\u00e8me de l&rsquo;\u00e9poque utilis\u00e9e pour restituer au visage, aux mains finesse et \u00e9lasticit\u00e9, car elle assouplit et lubrifie les \u00e9pidermes secs, fendill\u00e9s, crevass\u00e9s. [information d&rsquo;une publicit\u00e9 de l&rsquo;ann\u00e9e 1914]<\/h6>\n<br \/><g:plusone size=\"\" href=\"https%3A%2F%2Flettresoubliees1418.fr%2Fwordpress%2F2011%2F03%2Flettre-du-29-janvier-1917-de-marcel-sibaud%2F\"><\/g:plusone>","protected":false},"excerpt":{"rendered":"<p>Milly, le 29.1.17 \u00a0 Ma petite ch\u00e9rie, Je prends pour toi ma derni\u00e8re feuille de papier et ma derni\u00e8re enveloppe ayant \u00e9crit \u00e0 ton oncle Gallo, \u00e0 Clermont, \u00e0 la caisse etc. Je viens d\u2019\u00eatre officiellement avis\u00e9 de mon envoi &hellip; <a href=\"https:\/\/lettresoubliees1418.fr\/wordpress\/2011\/03\/lettre-du-29-janvier-1917-de-marcel-sibaud\/\">Continue reading <span class=\"meta-nav\">&rarr;<\/span><\/a><\/p>\n","protected":false},"author":1,"featured_media":0,"comment_status":"open","ping_status":"open","sticky":false,"template":"","format":"standard","meta":[],"categories":[3],"tags":[17,25,53,66,29,35,21],"_links":{"self":[{"href":"https:\/\/lettresoubliees1418.fr\/wordpress\/wp-json\/wp\/v2\/posts\/166"}],"collection":[{"href":"https:\/\/lettresoubliees1418.fr\/wordpress\/wp-json\/wp\/v2\/posts"}],"about":[{"href":"https:\/\/lettresoubliees1418.fr\/wordpress\/wp-json\/wp\/v2\/types\/post"}],"author":[{"embeddable":true,"href":"https:\/\/lettresoubliees1418.fr\/wordpress\/wp-json\/wp\/v2\/users\/1"}],"replies":[{"embeddable":true,"href":"https:\/\/lettresoubliees1418.fr\/wordpress\/wp-json\/wp\/v2\/comments?post=166"}],"version-history":[{"count":7,"href":"https:\/\/lettresoubliees1418.fr\/wordpress\/wp-json\/wp\/v2\/posts\/166\/revisions"}],"predecessor-version":[{"id":237,"href":"https:\/\/lettresoubliees1418.fr\/wordpress\/wp-json\/wp\/v2\/posts\/166\/revisions\/237"}],"wp:attachment":[{"href":"https:\/\/lettresoubliees1418.fr\/wordpress\/wp-json\/wp\/v2\/media?parent=166"}],"wp:term":[{"taxonomy":"category","embeddable":true,"href":"https:\/\/lettresoubliees1418.fr\/wordpress\/wp-json\/wp\/v2\/categories?post=166"},{"taxonomy":"post_tag","embeddable":true,"href":"https:\/\/lettresoubliees1418.fr\/wordpress\/wp-json\/wp\/v2\/tags?post=166"}],"curies":[{"name":"wp","href":"https:\/\/api.w.org\/{rel}","templated":true}]}}