{"id":969,"date":"2011-08-23T10:40:31","date_gmt":"2011-08-23T08:40:31","guid":{"rendered":"http:\/\/lettresoubliees1418.fr\/wordpress\/?p=969"},"modified":"2011-08-15T18:43:10","modified_gmt":"2011-08-15T16:43:10","slug":"lettre-du-17-avril-1917-de-marcel-sibaud","status":"publish","type":"post","link":"http:\/\/lettresoubliees1418.fr\/wordpress\/2011\/08\/lettre-du-17-avril-1917-de-marcel-sibaud\/","title":{"rendered":"Lettre du 17 avril 1917 de Marcel Sibaud"},"content":{"rendered":"<h4>Valr\u00e9as, le 17 avril 1917<\/h4>\n<p>&nbsp;<\/p>\n<p style=\"text-align: justify;\">Ma petite ch\u00e9rie,<br \/>\nJe suis heureux de savoir que tu as re\u00e7u ma lettre et que vous avez eu beau temps. Ici le vent recommence.<br \/>\nTu remercieras bien ta m\u00e8re des g\u00e2teaux qu\u2019elle a faits \u00e0 mon intention. Je n\u2019ai plus besoin de papier car j\u2019en ai emport\u00e9 d\u2019autre mardi. Quant \u00e0 la brosse je t\u2019en ai d\u00e9j\u00e0 parl\u00e9.<br \/>\nJ\u2019esp\u00e8re que ta m\u00e8re va aller mieux surtout si le temps se d\u00e9cide \u00e0 s\u2019am\u00e9liorer.<br \/>\nCe que tu me racontes d\u2019Yves m\u2019a bien amus\u00e9 et je suis heureux qu\u2019il devienne vraiment sage.<br \/>\nIci les bruits varient et continuent \u00e0 courir. On pr\u00e9tend que nous n\u2019aurons pas de permission, cela m\u2019\u00e9tonne beaucoup et je n\u2019y crois pas. En tous cas j\u2019aurai mes 4 mois pour une permission de d\u00e9tente.<br \/>\nD\u2019apr\u00e8s ce que je crois savoir, c\u2019est au commandant et au colonel que les instructeurs doivent remettre leurs propositions pour le 21. Les 2 semaines suivantes serviront \u00e0 examiner les douteux. Je voudrais bien ne pas en \u00eatre. Je n\u2019ai pu parler au capitaine aujourd\u2019hui.<br \/>\nJ\u2019ai vu Maurel avec qui j\u2019ai parl\u00e9 de l\u2019affectation \u00e9ventuelle. <span style=\"color: #ff6600;\">Il m\u2019a fait l\u2019\u00e9loge des S\u00e9n\u00e9galais avec lesquels si l\u2019on a de la chance on est s\u00fbr de revenir \u00e0 l\u2019arri\u00e8re en septembre ou octobre pour jusqu\u2019en avril (ceci dans l\u2019hypoth\u00e8se d\u2019une nouvelle campagne d\u2019hiver, ce qui je l\u2019esp\u00e8re encore sera \u00e9vit\u00e9). D\u2019apr\u00e8s lui qui est mitrailleur, le poste de lieutenant mitrailleur est tr\u00e8s bon mais si recherch\u00e9 qu\u2019on ne peut gu\u00e8re compter l\u2019obtenir. Je n\u2019ai donc aucune orientation nette sur une affectation \u00e9ventuelle. Le 23e colonial en tous cas pr\u00e9senterait l\u2019avantage d\u2019\u00eatre \u00e0 Paris.<\/span> <span style=\"color: #000080;\">Il op\u00e8re sur le front fran\u00e7ais et participe \u00e0 la grande offensive dont je te parlais hier et qui nous a d\u00e9j\u00e0 valu 10 000 prisonniers et ce n\u2019est pas fini.<\/span><br \/>\nPeut-\u00eatre demain pourrai-je r\u00e9ussir \u00e0 avoir une indication sur ce qui m\u2019attend. Si elle est bonne, je crois que le mieux serait peut-\u00eatre de m\u2019en remettre \u00e0 l\u2019appr\u00e9ciation de qui tu sais.<br \/>\nJe te quitte ma petite ch\u00e9rie en t\u2019embrassant mille et mille fois.<br \/>\nTon Marcel<\/p>\n<p>Bons baisers aux petits.<br \/>\nAmiti\u00e9s aux mamans.<\/p>\n<p style=\"text-align: justify;\">\n<span style=\"color: #888888;\">[Lettre \u00e0 Yves]<\/span><br \/>\nMon cher petit Toto (non Yves),<br \/>\nTu es bien gentil d\u2019avoir collabor\u00e9 \u00e0 la confection des g\u00e2teaux pour ton papa sergent. Tu me dis qu\u2019ils sont bons bons, je n\u2019en doute pas ; mais je suppose que si tu en parles ainsi c\u2019est que tu en as go\u00fbt\u00e9 ; c\u2019est sans doute cela surtout qui a constitu\u00e9 ta collaboration. Si pourtant je me trompe et que tu n\u2019y aies pas go\u00fbt\u00e9, il faut le faire sans tarder et je serai tr\u00e8s content de recevoir un g\u00e2teau qui aurait \u00e9t\u00e9 entam\u00e9 par mon petit Yves. Je vois que s\u0153urette et toi, vous \u00eates tout \u00e0 fait de grandes personnes ! Vous recevez d\u00e9j\u00e0 de la correspondance. Il ne faudra pas manquer d\u2019en remercier les aimables exp\u00e9diteurs et tu demanderas \u00e0 maman si je ne ferais pas bien de leur envoyer une petite bo\u00eete de berlingots.<br \/>\nMille bons baisers de papa sonnedat.<\/p>\n<p>MS.<\/p>\n<br \/><g:plusone size=\"\" href=\"http%3A%2F%2Flettresoubliees1418.fr%2Fwordpress%2F2011%2F08%2Flettre-du-17-avril-1917-de-marcel-sibaud%2F\"><\/g:plusone>","protected":false},"excerpt":{"rendered":"<p>Valr\u00e9as, le 17 avril 1917 &nbsp; Ma petite ch\u00e9rie, Je suis heureux de savoir que tu as re\u00e7u ma lettre et que vous avez eu beau temps. Ici le vent recommence. Tu remercieras bien ta m\u00e8re des g\u00e2teaux qu\u2019elle a &hellip; <a href=\"http:\/\/lettresoubliees1418.fr\/wordpress\/2011\/08\/lettre-du-17-avril-1917-de-marcel-sibaud\/\">Continue reading <span class=\"meta-nav\">&rarr;<\/span><\/a><\/p>\n","protected":false},"author":1,"featured_media":0,"comment_status":"open","ping_status":"open","sticky":false,"template":"","format":"standard","meta":[],"categories":[5,3],"tags":[17,202,112,26,104,29,30,229,68,230,95],"_links":{"self":[{"href":"http:\/\/lettresoubliees1418.fr\/wordpress\/wp-json\/wp\/v2\/posts\/969"}],"collection":[{"href":"http:\/\/lettresoubliees1418.fr\/wordpress\/wp-json\/wp\/v2\/posts"}],"about":[{"href":"http:\/\/lettresoubliees1418.fr\/wordpress\/wp-json\/wp\/v2\/types\/post"}],"author":[{"embeddable":true,"href":"http:\/\/lettresoubliees1418.fr\/wordpress\/wp-json\/wp\/v2\/users\/1"}],"replies":[{"embeddable":true,"href":"http:\/\/lettresoubliees1418.fr\/wordpress\/wp-json\/wp\/v2\/comments?post=969"}],"version-history":[{"count":2,"href":"http:\/\/lettresoubliees1418.fr\/wordpress\/wp-json\/wp\/v2\/posts\/969\/revisions"}],"predecessor-version":[{"id":971,"href":"http:\/\/lettresoubliees1418.fr\/wordpress\/wp-json\/wp\/v2\/posts\/969\/revisions\/971"}],"wp:attachment":[{"href":"http:\/\/lettresoubliees1418.fr\/wordpress\/wp-json\/wp\/v2\/media?parent=969"}],"wp:term":[{"taxonomy":"category","embeddable":true,"href":"http:\/\/lettresoubliees1418.fr\/wordpress\/wp-json\/wp\/v2\/categories?post=969"},{"taxonomy":"post_tag","embeddable":true,"href":"http:\/\/lettresoubliees1418.fr\/wordpress\/wp-json\/wp\/v2\/tags?post=969"}],"curies":[{"name":"wp","href":"https:\/\/api.w.org\/{rel}","templated":true}]}}