{"id":966,"date":"2011-08-21T11:29:59","date_gmt":"2011-08-21T09:29:59","guid":{"rendered":"http:\/\/lettresoubliees1418.fr\/wordpress\/?p=966"},"modified":"2011-08-15T18:33:03","modified_gmt":"2011-08-15T16:33:03","slug":"lettre-du-16-avril-1917-de-marcel-sibaud","status":"publish","type":"post","link":"http:\/\/lettresoubliees1418.fr\/wordpress\/2011\/08\/lettre-du-16-avril-1917-de-marcel-sibaud\/","title":{"rendered":"Lettre du 16 avril 1917 de Marcel Sibaud"},"content":{"rendered":"<h4>Valr\u00e9as, le 16 avril 1917<\/h4>\n<p>&nbsp;<\/p>\n<p style=\"text-align: justify;\">Ma petite ch\u00e9rie,<br \/>\nJ\u2019ai \u00e9t\u00e9 surpris de voir que samedi matin tu n\u2019avais pas encore de lettre de moi. Je t\u2019ai pourtant \u00e9crit le mercredi soi \u00e0 l\u2019heure habituelle et depuis r\u00e9guli\u00e8rement chaque soir.<br \/>\n<span style=\"color: #333399;\">Je crois comme on t\u2019a dit que nous sommes \u00e0 la veille de grands \u00e9v\u00e9nements. Une importante action, qui me paraissait s\u2019imposer depuis quelques temps, viendrait de commencer et si je croyais pouvoir te dire les objectifs, tu verrais que c\u2019est fort int\u00e9ressant.<\/span><br \/>\nEst-ce \u00e0 cause des \u00e9v\u00e9nements ou pour toute autre raison, l\u2019\u00e9cole de Valr\u00e9as aura v\u00e9cu apr\u00e8s ce cours-ci. Aussi la promotion s\u2019appellera-t-elle de Villantroix, du nom du colonel (au lieu d\u2019un autre nom qui avait \u00e9t\u00e9 envisag\u00e9 d\u2019abord). Il \u00e9tait donc temps que je vienne et Devoyod, s\u2019il est pris, n\u2019en pourra faire autant. <span style=\"color: #333399;\">Il n\u2019y aura plus d\u2019\u00e9cole d\u2019officiers qu\u2019au front.<\/span><br \/>\nAujourd\u2019hui j\u2019ai command\u00e9. J\u2019avais bien vu du 1er coup ce qu\u2019il fallait faire ; mais j\u2019ai eu le tort de me laisser influencer par certaines remarques et j\u2019ai plus mal fait. Je voudrais bien \u00eatre fix\u00e9 sur ce qui m\u2019attend et peut-\u00eatre me d\u00e9ciderai-je \u00e0 le demander au capitaine. Je voudrais aussi avoir de lui confirmation que les affectations des coloniaux se font au Minist\u00e8re. Autant que je puisse me rendre compte, on doit pouvoir quitter la coloniale pour aller dans l\u2019infanterie de ligne pourvu qu\u2019on trouve un permutant. Mais jusqu\u2019ici la coloniale ne m\u2019a pas mal r\u00e9ussi et j\u2019aurai peut-\u00eatre\u00a0 tort de cherche \u00e0 la quitter. Si tu parles de mon affectation, je te rappelle que je ne suis pas vaccin\u00e9 pour la typho\u00efde et que certaine op\u00e9ration serait je crois n\u00e9cessaire. Le capitaine m\u2019a rendu mon carnet encore avec un bien. J\u2019ai beau faire, je crois que crois que je n\u2019arriverai pas au \u00ab tr\u00e8s bien \u00bb.<br \/>\nJ\u2019ai re\u00e7u un mot charmant des dames Salignons qui m\u2019attendent dimanche et m\u2019annoncent que la plus jeune d\u2019entre elles viendra au devant de moi \u00e0 la gare. Je vais r\u00e9pondre que je ferai plut\u00f4t le trajet \u00e0 pied pour ne pas arriver en retard.<br \/>\nQue porterai-je ? Fleurs ou nougats ou berlingots. Nous en avons d\u00e9j\u00e0 parl\u00e9 et tu as opin\u00e9, je crois, pour les comestibles. Qu\u2019en penses-tu ?<br \/>\nJe te quitte, ma petite ch\u00e9rie, en t\u2019embrassant mille et mille fois.<\/p>\n<p>Ton Marcel<\/p>\n<p>Bons baisers aux petits. Amiti\u00e9s aux mamans.<\/p>\n<p>Par 2 fois, comme <span style=\"color: #ff6600;\">il trouvait que je ne rampais pas assez et risquais d\u2019\u00eatre vu de l\u2019ennemi suppos\u00e9, le capitaine m\u2019a dit : \u00ab Sibaud, n\u2019oubliez pas que vous avez 2 enfants. Pas de suicide ! \u00bb.<\/span> Je veux croire qu\u2019il ne plaisanterait pas ainsi s\u2019il voulait me recaler ou me faire passer un examen.<\/p>\n<br \/><g:plusone size=\"\" href=\"http%3A%2F%2Flettresoubliees1418.fr%2Fwordpress%2F2011%2F08%2Flettre-du-16-avril-1917-de-marcel-sibaud%2F\"><\/g:plusone>","protected":false},"excerpt":{"rendered":"<p>Valr\u00e9as, le 16 avril 1917 &nbsp; Ma petite ch\u00e9rie, J\u2019ai \u00e9t\u00e9 surpris de voir que samedi matin tu n\u2019avais pas encore de lettre de moi. Je t\u2019ai pourtant \u00e9crit le mercredi soi \u00e0 l\u2019heure habituelle et depuis r\u00e9guli\u00e8rement chaque soir. &hellip; <a href=\"http:\/\/lettresoubliees1418.fr\/wordpress\/2011\/08\/lettre-du-16-avril-1917-de-marcel-sibaud\/\">Continue reading <span class=\"meta-nav\">&rarr;<\/span><\/a><\/p>\n","protected":false},"author":1,"featured_media":0,"comment_status":"open","ping_status":"open","sticky":false,"template":"","format":"standard","meta":[],"categories":[3],"tags":[17,202,112,26,224,29,56],"_links":{"self":[{"href":"http:\/\/lettresoubliees1418.fr\/wordpress\/wp-json\/wp\/v2\/posts\/966"}],"collection":[{"href":"http:\/\/lettresoubliees1418.fr\/wordpress\/wp-json\/wp\/v2\/posts"}],"about":[{"href":"http:\/\/lettresoubliees1418.fr\/wordpress\/wp-json\/wp\/v2\/types\/post"}],"author":[{"embeddable":true,"href":"http:\/\/lettresoubliees1418.fr\/wordpress\/wp-json\/wp\/v2\/users\/1"}],"replies":[{"embeddable":true,"href":"http:\/\/lettresoubliees1418.fr\/wordpress\/wp-json\/wp\/v2\/comments?post=966"}],"version-history":[{"count":2,"href":"http:\/\/lettresoubliees1418.fr\/wordpress\/wp-json\/wp\/v2\/posts\/966\/revisions"}],"predecessor-version":[{"id":968,"href":"http:\/\/lettresoubliees1418.fr\/wordpress\/wp-json\/wp\/v2\/posts\/966\/revisions\/968"}],"wp:attachment":[{"href":"http:\/\/lettresoubliees1418.fr\/wordpress\/wp-json\/wp\/v2\/media?parent=966"}],"wp:term":[{"taxonomy":"category","embeddable":true,"href":"http:\/\/lettresoubliees1418.fr\/wordpress\/wp-json\/wp\/v2\/categories?post=966"},{"taxonomy":"post_tag","embeddable":true,"href":"http:\/\/lettresoubliees1418.fr\/wordpress\/wp-json\/wp\/v2\/tags?post=966"}],"curies":[{"name":"wp","href":"https:\/\/api.w.org\/{rel}","templated":true}]}}