{"id":963,"date":"2011-08-20T11:09:54","date_gmt":"2011-08-20T09:09:54","guid":{"rendered":"http:\/\/lettresoubliees1418.fr\/wordpress\/?p=963"},"modified":"2011-08-15T17:11:48","modified_gmt":"2011-08-15T15:11:48","slug":"lettre-du-15-avril-1917-demilie-sibaud","status":"publish","type":"post","link":"http:\/\/lettresoubliees1418.fr\/wordpress\/2011\/08\/lettre-du-15-avril-1917-demilie-sibaud\/","title":{"rendered":"Lettre du 15 avril 1917 d&rsquo;Emilie Sibaud"},"content":{"rendered":"<h4>Vincennes, le 15 avril 1917<br \/>\nDimanche<\/h4>\n<p>&nbsp;<\/p>\n<p style=\"text-align: justify;\">Mon ch\u00e9ri,<br \/>\nEnfin j\u2019ai eu le plaisir de recevoir de tes bonnes nouvelles hier au soir, je suis bien contente que ton voyage se soit pass\u00e9 sans trop te fatiguer.<br \/>\nNous voici d\u00e9j\u00e0 le 15 ! On ne sait plus que d\u00e9sirer ! Il faut que je me d\u00e9p\u00eache d\u2019aller voir les Gallo avant le 21.<br \/>\nHier nous avons eu beau temps, j\u2019ai sorti les deux enfants toute l\u2019apr\u00e8s-midi, mais s\u0153urette commence \u00e0 \u00eatre lourde.<br \/>\nCe matin il fait moins beau, Yves va venir avec moi porter cette lettre. Maman t\u2019a fabriqu\u00e9 deux g\u00e2teaux quatre-quarts, comme tu les aimes. Nous allons les mettre dans ton colis avec des confitures, des \u0153ufs durs et je ne sais encore trop quoi\u2026 et surtout ton papier blanc et ta brosse que tu as oubli\u00e9e.<br \/>\nLa sant\u00e9 commence \u00e0 se remettre ici. Esp\u00e9rons que le beau temps va contribuer \u00e0 nous remettre d\u2019aplomb tous. Pour moi d\u2019ailleurs je vais bien, ce que j\u2019en dis c\u2019est plut\u00f4t pour Maman qui est tr\u00e8s fatigu\u00e9e, les enfants deviennent de plus en plus mignons ! Yves est tr\u00e8s remarqu\u00e9 sur le cours Marigny, tout le monde lui donne 3 ans et m\u00eame 3 ans \u00bd. Il partage tr\u00e8s bien les jeux d\u2019enfants de 5 et 7 ans. Il est la poup\u00e9e des fillettes de cet \u00e2ge, il se laisse assez bien complimenter, mais il ne veut pas faire le b\u00e9b\u00e9 ; il veut \u00eatre le papa des poup\u00e9es, c\u2019est tr\u00e8s amusant de le voir ! Maintenant il reconnait les personnes, aussi hier il est all\u00e9 donner la main \u00e0 une fillette de chez ta m\u00e8re. Cette jeune fille de 6 ans et ce jeune homme de 2 ans \u00bd se sont dit bonjour avec un s\u00e9rieux et une\u00a0 correction qu\u2019on aurait pu croire une grande personne !<br \/>\nHier Mme Bertin l\u2019a mont\u00e9 dans ses bras et il fait de grandes conversations avec la plus jeune des demoiselles.<br \/>\nJ\u2019ai \u00e9t\u00e9 bien heureux de lire les d\u00e9tails que tu m\u2019as donn\u00e9 dans ta lettre, ils m\u2019ont beaucoup int\u00e9ress\u00e9e et je vais les communiquer \u00e0 mon oncle.<br \/>\nQuelle diff\u00e9rence entre ce dimanche-ci et le dernier ! J\u2019essaye de puiser dans le souvenir heureux du pr\u00e9c\u00e9dent, du courage pour passer celui-ci.<br \/>\nAu revoir mon aim\u00e9, \u00e0 bient\u00f4t de tes bonnes nouvelles. Je t\u2019embrasse mille et mille fois.<br \/>\nTout \u00e0 toi<\/p>\n<p>Emilie<\/p>\n<p style=\"text-align: justify;\">\n<span style=\"color: #888888;\">[Lettre d\u2019Yves]<\/span><br \/>\nMon cher papa ch\u00e9ri,<br \/>\nJe t\u2019ai fait avec tata des g\u00e2teaux qui sont bons bons bons ! Tu verras ! Hier j\u2019ai re\u00e7u une carte de tante Anna, elle me disait \u00ab gros baisers \u00e0 petit Yves de sa tata Gallo \u00bb. Suzanne avait envoy\u00e9 une carte \u00e0 s\u0153urette, chacune la notre. Je te laisse ta place dans le grand lit, je voudrais bien que tu viennes. Nous deux, moi et s\u0153urette, on se mettra dans tes bras.<br \/>\n<span style=\"color: #800080;\">Les Fran\u00e7ais et les Anglais prennent beaucoup de boches, peut-\u00eatre que bient\u00f4t y en aura plus. Je voudrais bien pour que tu reviennes vite aupr\u00e8s de tes petits enfants et de leur maman.<\/span><\/p>\n<p style=\"text-align: justify;\">\nTon Yves<\/p>\n<br \/><g:plusone size=\"\" href=\"http%3A%2F%2Flettresoubliees1418.fr%2Fwordpress%2F2011%2F08%2Flettre-du-15-avril-1917-demilie-sibaud%2F\"><\/g:plusone>","protected":false},"excerpt":{"rendered":"<p>Vincennes, le 15 avril 1917 Dimanche &nbsp; Mon ch\u00e9ri, Enfin j\u2019ai eu le plaisir de recevoir de tes bonnes nouvelles hier au soir, je suis bien contente que ton voyage se soit pass\u00e9 sans trop te fatiguer. Nous voici d\u00e9j\u00e0 &hellip; <a href=\"http:\/\/lettresoubliees1418.fr\/wordpress\/2011\/08\/lettre-du-15-avril-1917-demilie-sibaud\/\">Continue reading <span class=\"meta-nav\">&rarr;<\/span><\/a><\/p>\n","protected":false},"author":1,"featured_media":0,"comment_status":"open","ping_status":"open","sticky":false,"template":"","format":"standard","meta":[],"categories":[4,6],"tags":[17,141,27,136,104,29,28],"_links":{"self":[{"href":"http:\/\/lettresoubliees1418.fr\/wordpress\/wp-json\/wp\/v2\/posts\/963"}],"collection":[{"href":"http:\/\/lettresoubliees1418.fr\/wordpress\/wp-json\/wp\/v2\/posts"}],"about":[{"href":"http:\/\/lettresoubliees1418.fr\/wordpress\/wp-json\/wp\/v2\/types\/post"}],"author":[{"embeddable":true,"href":"http:\/\/lettresoubliees1418.fr\/wordpress\/wp-json\/wp\/v2\/users\/1"}],"replies":[{"embeddable":true,"href":"http:\/\/lettresoubliees1418.fr\/wordpress\/wp-json\/wp\/v2\/comments?post=963"}],"version-history":[{"count":2,"href":"http:\/\/lettresoubliees1418.fr\/wordpress\/wp-json\/wp\/v2\/posts\/963\/revisions"}],"predecessor-version":[{"id":965,"href":"http:\/\/lettresoubliees1418.fr\/wordpress\/wp-json\/wp\/v2\/posts\/963\/revisions\/965"}],"wp:attachment":[{"href":"http:\/\/lettresoubliees1418.fr\/wordpress\/wp-json\/wp\/v2\/media?parent=963"}],"wp:term":[{"taxonomy":"category","embeddable":true,"href":"http:\/\/lettresoubliees1418.fr\/wordpress\/wp-json\/wp\/v2\/categories?post=963"},{"taxonomy":"post_tag","embeddable":true,"href":"http:\/\/lettresoubliees1418.fr\/wordpress\/wp-json\/wp\/v2\/tags?post=963"}],"curies":[{"name":"wp","href":"https:\/\/api.w.org\/{rel}","templated":true}]}}